{"id":3116,"date":"2017-03-29T23:26:03","date_gmt":"2017-03-29T23:26:03","guid":{"rendered":"http:\/\/epre.gov.ar\/web\/?p=3116"},"modified":"2017-03-29T23:26:03","modified_gmt":"2017-03-29T23:26:03","slug":"reunion-mesa-de-trabajo","status":"publish","type":"post","link":"https:\/\/epre.gov.ar\/web\/reunion-mesa-de-trabajo\/","title":{"rendered":"Reuni\u00f3n Mesa de Trabajo"},"content":{"rendered":"<p style=\"text-align: justify;\">En el marco de lo dispuesto por Resoluci\u00f3n N\u00ba 92\/16 EPRE, se realiz\u00f3 con representantes de diversas entidades este\u00a0Mi\u00e9rcoles 22 de marzo en las instalaciones del EPRE la segunda reuni\u00f3n de la Mesa de Trabajo y Dialogo que tiene por objeto estudiar y proponer una revisi\u00f3n t\u00e9cnica y jur\u00eddica del sistema el\u00e9ctrico de Entre R\u00edos.-<\/p>\n<p>De dicha reuni\u00f3n participaron representantes de la Secretar\u00eda de Energ\u00eda de Entre R\u00edos, Direcci\u00f3n General de Defensa del Consumidor, Federaci\u00f3n de Jubilados y Pensionados de la Provincia de Entre R\u00edos, Uni\u00f3n de Comunidades Vecinales de Entre R\u00edos, Federaci\u00f3n Argentina de Cooperativas El\u00e9ctricas, Defensor\u00eda del Pueblo y de la Central de Trabajadores de la Argentina.-<\/p>\n<p>Entre los temas m\u00e1s destacados que se trataron en la reuni\u00f3n del pasado mi\u00e9rcoles se debati\u00f3 sobre las perspectivas tarifarias a corto y mediano plazo y sobre los fines y funciones de los fondos administrados por la Secretar\u00eda de Energ\u00eda.-<\/p>\n\n\t\t<style type=\"text\/css\">\n\t\t\t#gallery-1 {\n\t\t\t\tmargin: auto;\n\t\t\t}\n\t\t\t#gallery-1 .gallery-item {\n\t\t\t\tfloat: left;\n\t\t\t\tmargin-top: 10px;\n\t\t\t\ttext-align: center;\n\t\t\t\twidth: 33%;\n\t\t\t}\n\t\t\t#gallery-1 img {\n\t\t\t\tborder: 2px solid #cfcfcf;\n\t\t\t}\n\t\t\t#gallery-1 .gallery-caption {\n\t\t\t\tmargin-left: 0;\n\t\t\t}\n\t\t\t\/* see gallery_shortcode() in wp-includes\/media.php *\/\n\t\t<\/style>\n\t\t<div id='gallery-1' class='gallery galleryid-3116 gallery-columns-3 gallery-size-thumbnail'><dl class='gallery-item'>\n\t\t\t<dt class='gallery-icon landscape'>\n\t\t\t\t<a href='https:\/\/epre.gov.ar\/web\/reunion-mesa-de-trabajo\/20170322_172941\/'><img loading=\"lazy\" decoding=\"async\" width=\"100\" height=\"100\" src=\"https:\/\/epre.gov.ar\/web\/wp-content\/uploads\/2017\/03\/20170322_172941-150x150.jpg\" class=\"attachment-thumbnail size-thumbnail\" alt=\"\" \/><\/a>\n\t\t\t<\/dt><\/dl><dl class='gallery-item'>\n\t\t\t<dt class='gallery-icon landscape'>\n\t\t\t\t<a href='https:\/\/epre.gov.ar\/web\/reunion-mesa-de-trabajo\/20170322_173012\/'><img loading=\"lazy\" decoding=\"async\" width=\"100\" height=\"100\" src=\"https:\/\/epre.gov.ar\/web\/wp-content\/uploads\/2017\/03\/20170322_173012-150x150.jpg\" class=\"attachment-thumbnail size-thumbnail\" alt=\"\" \/><\/a>\n\t\t\t<\/dt><\/dl><dl class='gallery-item'>\n\t\t\t<dt class='gallery-icon landscape'>\n\t\t\t\t<a href='https:\/\/epre.gov.ar\/web\/reunion-mesa-de-trabajo\/20170322_173023\/'><img loading=\"lazy\" decoding=\"async\" width=\"100\" height=\"100\" src=\"https:\/\/epre.gov.ar\/web\/wp-content\/uploads\/2017\/03\/20170322_173023-150x150.jpg\" class=\"attachment-thumbnail size-thumbnail\" alt=\"\" \/><\/a>\n\t\t\t<\/dt><\/dl><br style=\"clear: both\" \/>\n\t\t<\/div>\n\n<p style=\"text-align: justify;\">\n","protected":false},"excerpt":{"rendered":"<p>En el marco de lo dispuesto por Resoluci\u00f3n N\u00ba 92\/16 EPRE, se realiz\u00f3 con representantes de diversas entidades este\u00a0Mi\u00e9rcoles 22 de marzo en las instalaciones del EPRE la segunda reuni\u00f3n de la Mesa de Trabajo y Dialogo que tiene por objeto estudiar y proponer una revisi\u00f3n t\u00e9cnica y jur\u00eddica del sistema el\u00e9ctrico de Entre R\u00edos.- [&hellip;]<\/p>\n","protected":false},"author":1,"featured_media":0,"comment_status":"open","ping_status":"closed","sticky":false,"template":"","format":"standard","meta":{"footnotes":""},"categories":[1],"tags":[],"class_list":["post-3116","post","type-post","status-publish","format-standard","hentry","category-noticias"],"_links":{"self":[{"href":"https:\/\/epre.gov.ar\/web\/wp-json\/wp\/v2\/posts\/3116","targetHints":{"allow":["GET"]}}],"collection":[{"href":"https:\/\/epre.gov.ar\/web\/wp-json\/wp\/v2\/posts"}],"about":[{"href":"https:\/\/epre.gov.ar\/web\/wp-json\/wp\/v2\/types\/post"}],"author":[{"embeddable":true,"href":"https:\/\/epre.gov.ar\/web\/wp-json\/wp\/v2\/users\/1"}],"replies":[{"embeddable":true,"href":"https:\/\/epre.gov.ar\/web\/wp-json\/wp\/v2\/comments?post=3116"}],"version-history":[{"count":1,"href":"https:\/\/epre.gov.ar\/web\/wp-json\/wp\/v2\/posts\/3116\/revisions"}],"predecessor-version":[{"id":3121,"href":"https:\/\/epre.gov.ar\/web\/wp-json\/wp\/v2\/posts\/3116\/revisions\/3121"}],"wp:attachment":[{"href":"https:\/\/epre.gov.ar\/web\/wp-json\/wp\/v2\/media?parent=3116"}],"wp:term":[{"taxonomy":"category","embeddable":true,"href":"https:\/\/epre.gov.ar\/web\/wp-json\/wp\/v2\/categories?post=3116"},{"taxonomy":"post_tag","embeddable":true,"href":"https:\/\/epre.gov.ar\/web\/wp-json\/wp\/v2\/tags?post=3116"}],"curies":[{"name":"wp","href":"https:\/\/api.w.org\/{rel}","templated":true}]}}