{"id":2884,"date":"2016-10-28T23:00:21","date_gmt":"2016-10-28T23:00:21","guid":{"rendered":"http:\/\/epre.gov.ar\/web\/?p=2884"},"modified":"2016-10-29T13:49:15","modified_gmt":"2016-10-29T13:49:15","slug":"se-conformo-una-mesa-de-trabajo-por-la-tarifa-electrica","status":"publish","type":"post","link":"https:\/\/epre.gov.ar\/web\/se-conformo-una-mesa-de-trabajo-por-la-tarifa-electrica\/","title":{"rendered":"Se conform\u00f3 una mesa de di\u00e1logo y trabajo para debatir temas vinculados al sistema el\u00e9ctrico provincial"},"content":{"rendered":"<p style=\"text-align: center;\"><a href=\"http:\/\/epre.gov.ar\/web\/wp-content\/uploads\/2016\/10\/1477581273.jpg\"><img loading=\"lazy\" decoding=\"async\" class=\"aligncenter size-large wp-image-2885\" src=\"http:\/\/epre.gov.ar\/web\/wp-content\/uploads\/2016\/10\/1477581273-1024x675.jpg\" alt=\"1477581273\" width=\"1024\" height=\"675\" srcset=\"https:\/\/epre.gov.ar\/web\/wp-content\/uploads\/2016\/10\/1477581273-1024x675.jpg 1024w, https:\/\/epre.gov.ar\/web\/wp-content\/uploads\/2016\/10\/1477581273-300x198.jpg 300w, https:\/\/epre.gov.ar\/web\/wp-content\/uploads\/2016\/10\/1477581273-768x506.jpg 768w, https:\/\/epre.gov.ar\/web\/wp-content\/uploads\/2016\/10\/1477581273.jpg 1800w\" sizes=\"auto, (max-width: 1024px) 100vw, 1024px\" \/><\/a><\/p>\n<p style=\"text-align: justify;\">Por iniciativa del gobernador Gustavo Bordet, el Ente Provincial Regulador de la Energ\u00eda (EPRE) convoc\u00f3 a diferentes organizaciones vinculadas al servicio el\u00e9ctrico a una mesa de trabajo. El objetivo es comenzar a brindar informaci\u00f3n a los diferentes sectores sobre c\u00f3mo se conforma el cuadro tarifario. La convocatoria cont\u00f3 con la presencia de distribuidoras de energ\u00eda, asociaciones de consumidores y usuarios, sectores de la producci\u00f3n y el Estado provincial.<\/p>\n<p style=\"text-align: justify;\"><!--more--><\/p>\n<p style=\"text-align: justify;\">Se desarroll\u00f3 en el EPRE el primer encuentro de la mesa de trabajo convocada por ese organismo a fin de generar un \u00e1mbito integrado por las prestadoras del servicio de energ\u00eda, las organizaciones vinculadas a la defensa del usuario, gremios y profesionales relacionados al sector.<\/p>\n<p style=\"text-align: justify;\">El interventor del organismo, Jos\u00e9 Carlos Halle, expres\u00f3 que \u201ces altamente positivo que los entrerrianos podamos sentarnos en una mesa, discutir, disentir. Cada sector expuso su punto de vista, sus ideas. Especialmente se requer\u00eda informaci\u00f3n, porque yo creo que es crucial para los ciudadanos. Lo dec\u00edan con much\u00edsima claridad los sectores que representan a los consumidores y usuarios: requieren informaci\u00f3n y muchas veces t\u00e9cnica, decodificada, para saber d\u00f3nde est\u00e1n parados\u201d.<\/p>\n<p style=\"text-align: justify;\">En este sentido, el titular del ente desatac\u00f3 que solicitar\u00e1n a las empresas distribuidoras de energ\u00eda que brinden los informes t\u00e9cnicos correspondientes. Adem\u00e1s se refiri\u00f3 a la continuidad de estas acciones en diversos puntos de la provincia, brindando regularidad a estas mesas de trabajo.<\/p>\n<p style=\"text-align: justify;\">Con relaci\u00f3n a las inquietudes planteadas y los principales t\u00f3picos tratados, Halle expres\u00f3 que, \u201cen principio, el planteo radica en la necesidad de tener un buen servicio el\u00e9ctrico y, por otro lado, de pagar la menor tarifa. Esto es lo que hay que tratar de compatibilizar. Hay sectores que representan a pymes, a cooperativas agrarias, a usuarios residenciales; estamos charlando el tema de la tarifa social. Y por otro lado, las empresas distribuidoras, como en este caso Enersa y las cooperativas, que son aquellas que distribuyen, aquellas que tienen que dar el servicio, tienen que mantenerlo y tienen que ir ampli\u00e1ndolo, en un expectativa de que la econom\u00eda tiene que crecer, de empresas que van a hacer inversiones, necesitan esto\u201d.<\/p>\n<p style=\"text-align: justify;\">Gustavo Botero, tesorero de la Federaci\u00f3n Entrerriana de Cooperativas El\u00e9ctricas, expres\u00f3 que \u00abel buen significado de esta reuni\u00f3n es que se origina una mesa de informaci\u00f3n para que todo el mundo pueda conocer con mayor profundidad cu\u00e1les son los componentes de una tarifa el\u00e9ctrica para poder opinar con mayor certeza. Es una mesa de consenso y de di\u00e1logo de toda la comunidad entrerriana para debatir el tema tarifario, que se va a comenzar a analizar con la participaci\u00f3n de los distintos actores\u00bb.<br \/>\nDesde la Federaci\u00f3n Agraria Argentina realizaron un balance muy positivo de la convocatoria \u00abpara que comencemos a encontrar un principio de soluci\u00f3n a un conflicto que este \u00faltimo tiempo ha tomado much\u00edsima relevancia\u00bb, afirm\u00f3 Elvio Gu\u00eda.<br \/>\nEn representaci\u00f3n de la Federaci\u00f3n de Jubilados y Pensionados Provinciales de Entre R\u00edos, Griselda Grilli, agradeci\u00f3 la invitaci\u00f3n: \u201cEs la primera vez que nos convocan a una reuni\u00f3n de esta naturaleza, por lo que agradecemos a las autoridades del EPRE, ya que consideramos muy importante que el sector pasivo tenga voz en este tipo de discusiones\u201d.<\/p>\n<p style=\"text-align: justify;\">Finalmente, Halle dijo que \u201cel EPRE va a sacar nuestro cuadro tarifario. Eso es una responsabilidad pol\u00edtica, institucional. No lo podemos delegar. Lo que no significa que nosotros no podamos llegar al cuadro tarifario con un proceso de discusi\u00f3n. De hecho se hizo una audiencia p\u00fablica y vamos a seguir con esto y de ac\u00e1 hacia el futuro vamos a continuar con esta metodolog\u00eda de la participaci\u00f3n, para que cada uno de los sectores que integran el servicio el\u00e9ctrico de la provincia de Entre R\u00edos est\u00e9n informados y sepan de qu\u00e9 estamos hablando y qu\u00e9 estamos consumiendo\u201d, puntualiz\u00f3.<\/p>\n<p style=\"text-align: justify;\">Se hicieron presentes tambi\u00e9n, el director general de Defensa del Consumidor y Lealtad Comercial, Juan Carlos Albornoz, junto a la Defensor\u00eda del Pueblo, asociaciones de jubilados y de consumidores, sindicatos y organismos vinculados a los usuarios del servicio el\u00e9ctrico de distintas localidades.<\/p>\n","protected":false},"excerpt":{"rendered":"<p>Por iniciativa del gobernador Gustavo Bordet, el Ente Provincial Regulador de la Energ\u00eda (EPRE) convoc\u00f3 a diferentes organizaciones vinculadas al servicio el\u00e9ctrico a una mesa de trabajo. El objetivo es comenzar a brindar informaci\u00f3n a los diferentes sectores sobre c\u00f3mo se conforma el cuadro tarifario. La convocatoria cont\u00f3 con la presencia de distribuidoras de energ\u00eda, [&hellip;]<\/p>\n","protected":false},"author":1,"featured_media":0,"comment_status":"open","ping_status":"closed","sticky":false,"template":"","format":"standard","meta":{"footnotes":""},"categories":[1],"tags":[],"class_list":["post-2884","post","type-post","status-publish","format-standard","hentry","category-noticias"],"_links":{"self":[{"href":"https:\/\/epre.gov.ar\/web\/wp-json\/wp\/v2\/posts\/2884","targetHints":{"allow":["GET"]}}],"collection":[{"href":"https:\/\/epre.gov.ar\/web\/wp-json\/wp\/v2\/posts"}],"about":[{"href":"https:\/\/epre.gov.ar\/web\/wp-json\/wp\/v2\/types\/post"}],"author":[{"embeddable":true,"href":"https:\/\/epre.gov.ar\/web\/wp-json\/wp\/v2\/users\/1"}],"replies":[{"embeddable":true,"href":"https:\/\/epre.gov.ar\/web\/wp-json\/wp\/v2\/comments?post=2884"}],"version-history":[{"count":3,"href":"https:\/\/epre.gov.ar\/web\/wp-json\/wp\/v2\/posts\/2884\/revisions"}],"predecessor-version":[{"id":2888,"href":"https:\/\/epre.gov.ar\/web\/wp-json\/wp\/v2\/posts\/2884\/revisions\/2888"}],"wp:attachment":[{"href":"https:\/\/epre.gov.ar\/web\/wp-json\/wp\/v2\/media?parent=2884"}],"wp:term":[{"taxonomy":"category","embeddable":true,"href":"https:\/\/epre.gov.ar\/web\/wp-json\/wp\/v2\/categories?post=2884"},{"taxonomy":"post_tag","embeddable":true,"href":"https:\/\/epre.gov.ar\/web\/wp-json\/wp\/v2\/tags?post=2884"}],"curies":[{"name":"wp","href":"https:\/\/api.w.org\/{rel}","templated":true}]}}