{"id":2862,"date":"2016-10-20T20:18:38","date_gmt":"2016-10-20T20:18:38","guid":{"rendered":"http:\/\/epre.gov.ar\/web\/?p=2862"},"modified":"2016-10-20T20:18:57","modified_gmt":"2016-10-20T20:18:57","slug":"enersa-se-suma-al-pedido-para-que-se-aplique-la-readecuacion-tarifaria","status":"publish","type":"post","link":"https:\/\/epre.gov.ar\/web\/enersa-se-suma-al-pedido-para-que-se-aplique-la-readecuacion-tarifaria\/","title":{"rendered":"ENERSA se suma al pedido para que se aplique la readecuaci\u00f3n tarifaria"},"content":{"rendered":"<p style=\"text-align: justify;\"><a href=\"http:\/\/epre.gov.ar\/web\/wp-content\/uploads\/2016\/10\/apfdigital_279979_tapa_19102016_112125.jpg\"><img loading=\"lazy\" decoding=\"async\" class=\"size-full wp-image-2863 aligncenter\" src=\"http:\/\/epre.gov.ar\/web\/wp-content\/uploads\/2016\/10\/apfdigital_279979_tapa_19102016_112125.jpg\" alt=\"apfdigital_279979_tapa_19102016_112125\" width=\"480\" height=\"360\" srcset=\"https:\/\/epre.gov.ar\/web\/wp-content\/uploads\/2016\/10\/apfdigital_279979_tapa_19102016_112125.jpg 480w, https:\/\/epre.gov.ar\/web\/wp-content\/uploads\/2016\/10\/apfdigital_279979_tapa_19102016_112125-300x225.jpg 300w\" sizes=\"auto, (max-width: 480px) 100vw, 480px\" \/><\/a><\/p>\n<p style=\"text-align: justify;\">Tras la solicitud de las cooperativas el\u00e9ctricas entrerrianas para la urgente aplicaci\u00f3n de la suba del 23 por ciento de la tarifa de la luz en la provincia, Enersa adhiri\u00f3 al pedido y consider\u00f3 que la readecuaci\u00f3n es \u201cl\u00f3gica y oportuna\u201d, se inform\u00f3 a APFDigital<\/p>\n<p style=\"text-align: justify;\"><!--more--><\/p>\n<p style=\"text-align: justify;\">Dirigentes de la Federaci\u00f3n Argentina de Cooperativas El\u00e9ctricas (FACE) se reunieron el martes con el titular del Ente Provincial Regulador de la Energ\u00eda (EPRE, Jos\u00e9 Carlos Halle, a quien le solicitaron la urgente aplicaci\u00f3n del aumento del 23 por ciento promedio en la tarifa el\u00e9ctrica, tal como fue planteado en la audiencia p\u00fablica<\/p>\n<p style=\"text-align: justify;\">Este mi\u00e9rcoles, en tanto, Enersa se sum\u00f3 al pedido y remarc\u00f3 que \u201cconsidera l\u00f3gica y oportuna\u201d la aplicaci\u00f3n de la readecuaci\u00f3n del cuadro tarifario \u201cen el corto plazo\u201d.<\/p>\n<p style=\"text-align: justify;\">\u201cEnersa comprende la realidad tarifaria actual, en la que los costos vigentes de operaci\u00f3n y mantenimiento del sistema el\u00e9ctrico entrerriano resultan insuficientes para acompa\u00f1ar el proceso de inversiones que requiere el sistema en Entre R\u00edos en el corto, mediano y largo plazo, como as\u00ed tambi\u00e9n para hacer frente al crecimiento sostenido de la demanda que se viene registrando y que continuar\u00e1 en ascenso durante los pr\u00f3ximos a\u00f1os\u201d, se indic\u00f3 desde la mayor distribuidora de energ\u00eda de la provincia.<\/p>\n<p style=\"text-align: justify;\">Adem\u00e1s, se record\u00f3 que fue justamente Enersa, junto a la Cooperativa El\u00e9ctrica de Concordia, la que present\u00f3 una propuesta de readecuaci\u00f3n tarifaria del 23 por ciento promedio en la Audiencia P\u00fablica celebrada el pasado 31 de agosto en Villaguay, y que esa petici\u00f3n fue apoyada por el resto de las Cooperativas.<\/p>\n<p style=\"text-align: justify;\">De todos modos, Enersa aclar\u00f3 que \u201cla readecuaci\u00f3n debe ser justa y razonable\u201d. Por eso apel\u00f3 \u201cal buen criterio de las autoridades del EPRE a la hora de aplicar un nuevo cuadro tarifario que se adapte a la situaci\u00f3n econ\u00f3mica actual y que no represente mayores inconvenientes para sus usuarios\u201d. (APFDigital)<\/p>\n","protected":false},"excerpt":{"rendered":"<p>Tras la solicitud de las cooperativas el\u00e9ctricas entrerrianas para la urgente aplicaci\u00f3n de la suba del 23 por ciento de la tarifa de la luz en la provincia, Enersa adhiri\u00f3 al pedido y consider\u00f3 que la readecuaci\u00f3n es \u201cl\u00f3gica y oportuna\u201d, se inform\u00f3 a APFDigital<\/p>\n","protected":false},"author":1,"featured_media":0,"comment_status":"open","ping_status":"closed","sticky":false,"template":"","format":"standard","meta":{"footnotes":""},"categories":[1],"tags":[],"class_list":["post-2862","post","type-post","status-publish","format-standard","hentry","category-noticias"],"_links":{"self":[{"href":"https:\/\/epre.gov.ar\/web\/wp-json\/wp\/v2\/posts\/2862","targetHints":{"allow":["GET"]}}],"collection":[{"href":"https:\/\/epre.gov.ar\/web\/wp-json\/wp\/v2\/posts"}],"about":[{"href":"https:\/\/epre.gov.ar\/web\/wp-json\/wp\/v2\/types\/post"}],"author":[{"embeddable":true,"href":"https:\/\/epre.gov.ar\/web\/wp-json\/wp\/v2\/users\/1"}],"replies":[{"embeddable":true,"href":"https:\/\/epre.gov.ar\/web\/wp-json\/wp\/v2\/comments?post=2862"}],"version-history":[{"count":2,"href":"https:\/\/epre.gov.ar\/web\/wp-json\/wp\/v2\/posts\/2862\/revisions"}],"predecessor-version":[{"id":2865,"href":"https:\/\/epre.gov.ar\/web\/wp-json\/wp\/v2\/posts\/2862\/revisions\/2865"}],"wp:attachment":[{"href":"https:\/\/epre.gov.ar\/web\/wp-json\/wp\/v2\/media?parent=2862"}],"wp:term":[{"taxonomy":"category","embeddable":true,"href":"https:\/\/epre.gov.ar\/web\/wp-json\/wp\/v2\/categories?post=2862"},{"taxonomy":"post_tag","embeddable":true,"href":"https:\/\/epre.gov.ar\/web\/wp-json\/wp\/v2\/tags?post=2862"}],"curies":[{"name":"wp","href":"https:\/\/api.w.org\/{rel}","templated":true}]}}