{"id":2724,"date":"2016-08-04T11:25:16","date_gmt":"2016-08-04T11:25:16","guid":{"rendered":"http:\/\/epre.gov.ar\/web\/?p=2724"},"modified":"2018-11-29T15:39:23","modified_gmt":"2018-11-29T15:39:23","slug":"resolucion-no-92-16","status":"publish","type":"post","link":"https:\/\/epre.gov.ar\/web\/resolucion-no-92-16\/","title":{"rendered":"Resoluci\u00f3n N\u00ba 92\/16"},"content":{"rendered":"<p style=\"text-align: right;\"><strong>PARAN\u00c1, \u00a004 de Agosto de 2016<\/strong><\/p>\n<p><strong>VISTO:<\/strong><\/p>\n<p style=\"text-align: justify;\">Las propuestas de trabajo conjunto formuladas por la Direcci\u00f3n General de Defensa del Consumidor y Lealtad Comercial, el Defensor del Pueblo de Paran\u00e1, el Decreto HCD N\u00ba33 de la Municipalidad de Paran\u00e1, la intervenci\u00f3n de la Asociaci\u00f3n ADECEN, la participaci\u00f3n en la Audiencia de Informaci\u00f3n de ACLER y Asociaci\u00f3n de Jubilados y Pensionados, las consultas de Asociaciones de Trabajadores, Clubes, Sindicatos, Usuarios y Consumidores del Servicio P\u00fablico El\u00e9ctrico Provincial; y<\/p>\n<p style=\"text-align: justify;\"><!--more--><strong>CONSIDERANDO:<\/strong><\/p>\n<p style=\"text-align: justify;\">Que por Resoluciones Nros. 06 y 07 del Ministerio de Miner\u00eda y Energ\u00eda de la Naci\u00f3n se incrementa el costo de la energ\u00eda el\u00e9ctrica y se crea el beneficio de la Tarifa Social;<\/p>\n<p style=\"text-align: justify;\">Que por Resoluciones EPRE Nros. 150\/15 y 12\/16 se aprueban los Cuatros Tarifarios vigentes;<\/p>\n<p style=\"text-align: justify;\">Que la aplicaci\u00f3n de las normas citadas en los considerandos anteriores, amerita analizar en forma conjunta con sectores representativos de la defensa de los derechos de los usuarios el impacto que las mismas tuvieron en los consumidores;<\/p>\n<p style=\"text-align: justify;\">Que resulta conveniente conformar una mesa de di\u00e1logo y trabajo para estudiar y proponer la revisi\u00f3n t\u00e9cnica y jur\u00eddica del sistema, a fin de discutir todos los aspectos de la prestaci\u00f3n del servicio p\u00fablico el\u00e9ctrico con miras a su mejoramiento y perfecci\u00f3n, adem\u00e1s de todos los puntos que sean de inter\u00e9s com\u00fan de los usuarios del servicio de energ\u00eda el\u00e9ctrica, con la finalidad de reducir los impactos que tienen los mismos, evitar reclamos individuales y establecer un mayor compromiso de los sectores que los representan, con el objetivo de que se actu\u00e9 en funci\u00f3n del consumidor y de las Distribuidoras, procurando tener un servicio p\u00fablico el\u00e9ctrico que sea regular, adecuado, constante, justo, razonable y transparente;<\/p>\n<p style=\"text-align: justify;\">Que el trabajo conjunto se instrumentar\u00eda en actas acuerdos para el abordaje de los temas atinentes al consumo de energ\u00eda el\u00e9ctrica en todos los niveles y\/o categor\u00edas de usuarios, a efectos que se contemple de una manera general para ser tenidas en cuenta como propuestas de modificaciones al sistema;<\/p>\n<p style=\"text-align: justify;\">Que resulta conveniente integrar una Mesa de Trabajo con representantes de Organismos de Defensa al Consumidor Municipal, Provincial y Nacional, Poder Judicial de la Provincia, Poder Legislativo, Universidades, Organizaciones Sindicales, Vecinales, Empresariales, de Consumidores, P\u00fablicas, Privadas y Educativas, a fin de fijar un est\u00e1ndar de consumo de energ\u00eda que permita a los usuarios una vida digna y que eduque al universo de usuarios y consumidores sobre un consumo razonable;<\/p>\n<p style=\"text-align: justify;\">Que por Decreto N\u00ba 14\/15 se ha designado Interventor del Ente con las facultades y atribuciones exclusivas del Directorio, por ello;<\/p>\n<p style=\"text-align: justify;\"><strong>EL INTERVENTOR DEL EPRE<br \/>\n<\/strong><strong>RESUELVE :<\/strong><\/p>\n<p style=\"text-align: justify;\"><strong>ARTICULO 1\u00ba:<\/strong> Convocar a Organismos, Organizaciones, Asociaciones de Defensa al Consumidor, Usuarios del Servicio de Energ\u00eda El\u00e9ctrica municipales o provinciales, al Poder Judicial y Legislativo de la Provincia, Organizaciones Sindicales, Educativas, Vecinales, Empresariales que tengan incumbencia y\/o inter\u00e9s en el consumo de energ\u00eda el\u00e9ctrica, a Distribuidoras que presten el Servicio de Energ\u00eda El\u00e9ctrica en la Provincia de Entre R\u00edos a una Mesa de Conjunta de dialogo y trabajo;<\/p>\n<p style=\"text-align: justify;\"><strong>ARTICULO 2\u00ba:<\/strong> Establecer que la Mesa de Trabajo se reunir\u00e1 una vez por mes para organizar la agenda de temas a tratar, en los cuales se prever\u00e1 el lugar y fecha de reuni\u00f3n.<\/p>\n<p style=\"text-align: justify;\"><strong>ARTICULO 3\u00ba:<\/strong> Disponer que el objetivo principal de la Mesa de Trabajo y Di\u00e1logo ser\u00e1 estudiar y proponer la revisi\u00f3n t\u00e9cnica y jur\u00eddica del Sistema El\u00e9ctrico Provincial, a fin de discutir todos los aspectos de la prestaci\u00f3n del servicio p\u00fablico el\u00e9ctrico con miras a su mejoramiento, modernizaci\u00f3n y perfecci\u00f3n, adem\u00e1s de debatir el impacto socio econ\u00f3mico de la Tarifa vigente en materia de energ\u00eda el\u00e9ctrica, explicar c\u00f3mo se compone el Cuadro Tarifario y la fijaci\u00f3n de un est\u00e1ndar de consumo de energ\u00eda que permita a los usuarios una vida digna y que eduque al universo de usuarios y consumidores sobre un consumo razonable.<\/p>\n<p style=\"text-align: justify;\"><strong>ARTICULO 4\u00ba:<\/strong> Registrar, comunicar, publicar en el Bolet\u00edn Oficial y archivar.<\/p>\n<p style=\"text-align: center;\"><strong>DR. MARCOS RODRIGUEZ ALLENDE<\/strong><br \/>\n<strong>INTERVENTOR EPRE<\/strong><\/p>\n","protected":false},"excerpt":{"rendered":"<p>PARAN\u00c1, \u00a004 de Agosto de 2016 VISTO: Las propuestas de trabajo conjunto formuladas por la Direcci\u00f3n General de Defensa del Consumidor y Lealtad Comercial, el Defensor del Pueblo de Paran\u00e1, el Decreto HCD N\u00ba33 de la Municipalidad de Paran\u00e1, la intervenci\u00f3n de la Asociaci\u00f3n ADECEN, la participaci\u00f3n en la Audiencia de Informaci\u00f3n de ACLER y [&hellip;]<\/p>\n","protected":false},"author":1,"featured_media":0,"comment_status":"open","ping_status":"closed","sticky":false,"template":"","format":"standard","meta":{"footnotes":""},"categories":[8],"tags":[],"class_list":["post-2724","post","type-post","status-publish","format-standard","hentry","category-resoluciones"],"_links":{"self":[{"href":"https:\/\/epre.gov.ar\/web\/wp-json\/wp\/v2\/posts\/2724","targetHints":{"allow":["GET"]}}],"collection":[{"href":"https:\/\/epre.gov.ar\/web\/wp-json\/wp\/v2\/posts"}],"about":[{"href":"https:\/\/epre.gov.ar\/web\/wp-json\/wp\/v2\/types\/post"}],"author":[{"embeddable":true,"href":"https:\/\/epre.gov.ar\/web\/wp-json\/wp\/v2\/users\/1"}],"replies":[{"embeddable":true,"href":"https:\/\/epre.gov.ar\/web\/wp-json\/wp\/v2\/comments?post=2724"}],"version-history":[{"count":2,"href":"https:\/\/epre.gov.ar\/web\/wp-json\/wp\/v2\/posts\/2724\/revisions"}],"predecessor-version":[{"id":4045,"href":"https:\/\/epre.gov.ar\/web\/wp-json\/wp\/v2\/posts\/2724\/revisions\/4045"}],"wp:attachment":[{"href":"https:\/\/epre.gov.ar\/web\/wp-json\/wp\/v2\/media?parent=2724"}],"wp:term":[{"taxonomy":"category","embeddable":true,"href":"https:\/\/epre.gov.ar\/web\/wp-json\/wp\/v2\/categories?post=2724"},{"taxonomy":"post_tag","embeddable":true,"href":"https:\/\/epre.gov.ar\/web\/wp-json\/wp\/v2\/tags?post=2724"}],"curies":[{"name":"wp","href":"https:\/\/api.w.org\/{rel}","templated":true}]}}