{"id":2718,"date":"2016-07-29T11:05:12","date_gmt":"2016-07-29T11:05:12","guid":{"rendered":"http:\/\/epre.gov.ar\/web\/?p=2718"},"modified":"2018-11-29T15:39:57","modified_gmt":"2018-11-29T15:39:57","slug":"resolucion-no-90-16","status":"publish","type":"post","link":"https:\/\/epre.gov.ar\/web\/resolucion-no-90-16\/","title":{"rendered":"Resoluci\u00f3n N\u00ba 90\/16"},"content":{"rendered":"<p style=\"text-align: right;\"><strong>PARAN\u00c1, 29 de julio de 2.016<\/strong><\/p>\n<p style=\"text-align: justify;\"><strong>VISTO:<\/strong><\/p>\n<p style=\"text-align: justify;\">Las Res N\u00ba 06\/16 y 07\/16 MEyM de la Naci\u00f3n, la Res N\u00ba 08\/16 EPRE, el Decreto Provincial N\u00ba 5611\/08 GOB, y<\/p>\n<p><!--more--><span style=\"font-size: medium;\"><b>CONSIDERANDO: <\/b><\/span><\/p>\n<p lang=\"es-ES\" style=\"text-align: justify;\" align=\"justify\"><span style=\"font-size: medium;\">Que la Resoluci\u00f3n N\u00b0 006\/16 MEyM ha aprobado la Reprogramaci\u00f3n Trimestral de Verano para el Mercado El\u00e9ctrico Mayorista -MEM- correspondiente al periodo comprendido entre el 1\u00b0de Febrero de 2016 y el 30 de Abril de 2016;<\/span><\/p>\n<p lang=\"es-ES\" style=\"text-align: justify;\" align=\"justify\"><span style=\"font-size: medium;\">Que el Art\u00edculo 7\u00b0 de la Resoluci\u00f3n N\u00bb 006\/16 MEyM ha establecido un valor de $0 para la energ\u00eda para los primeros 150 kWh\/mes a todos aquellos usuarios residenciales, a cuyos consumos se les haya otorgado la Tarifa Social;<\/span><\/p>\n<p lang=\"es-ES\" style=\"text-align: justify;\" align=\"justify\"><span style=\"font-size: medium;\">Que la Resoluci\u00f3n N\u00b0 007\/16 en su Anexo I ha establecido los criterios de Inclusi\u00f3n y Exclusi\u00f3n para la determinaci\u00f3n de la Tarifa Social;<\/span><\/p>\n<p lang=\"es-ES\" style=\"text-align: justify;\" align=\"justify\"><span style=\"font-size: medium;\">Que la Subsecretaria de Coordinaci\u00f3n de Pol\u00edtica Tarifaria del Ministerio de Energ\u00eda y Miner\u00eda, ha determinado que para la determinaci\u00f3n de los beneficiarios de la Tarifa Social, se efectuar\u00e1 con la participaci\u00f3n del Consejo Nacional de Coordinaci\u00f3n de Pol\u00edticas Sociales -CNCPS-;<\/span><\/p>\n<p lang=\"es-ES\" style=\"text-align: justify;\" align=\"justify\"><span style=\"font-size: medium;\">Que la citada Resoluci\u00f3n N\u00ba 006\/16 MEyM determin\u00f3 que los vol\u00famenes de energ\u00eda el\u00e9ctrica destinados al sostenimiento de la Tarifa Social sean respaldados por los Entes reguladores en cada jurisdicci\u00f3n;<\/span><\/p>\n<p lang=\"es-ES\" style=\"text-align: justify;\" align=\"justify\"><span style=\"font-size: medium;\">Que el CNCPS celebr\u00f3 un acuerdo con el EPRE para identificar los beneficiarios de la Tarifa Social dentro de la Provincia de Entre R\u00edos;<\/span><\/p>\n<p lang=\"es-ES\" style=\"text-align: justify;\" align=\"justify\"><span style=\"font-size: medium;\">Que el Decreto N\u00ba 5611\/08 GOB, consistente en una Tarifa Social Provincial, otorgado previa intervenci\u00f3n de un profesional de Trabajo Social, ha demostrado que el beneficio alcanza a sectores sociales merecedores del mismo;<\/span><\/p>\n<p lang=\"es-ES\" style=\"text-align: justify;\" align=\"justify\"><span style=\"font-size: medium;\">Que en el conjunto de usuarios identificados como \u201cSIN ATRIBUTOS\u201d dentro de los resultados inform\u00e1ticos del SINTyS, se han detectado sectores sociales merecedores de la Tarifa Social Nacional;<\/span><\/p>\n<p lang=\"es-ES\" style=\"text-align: justify;\" align=\"justify\"><span style=\"font-size: medium;\">Que para cubrir territorialmente toda la Provincia en la detecci\u00f3n de posibles beneficiarios, es necesario convocar a otras Organismos del Estado;<\/span><\/p>\n<p lang=\"es-ES\" style=\"text-align: justify;\" align=\"justify\"><span style=\"font-size: medium;\">Que al margen de posibilitar que otros Organismos colaboren en las tareas de detecci\u00f3n, el EPRE mantiene la responsabilidad final del cumplimiento de la Res N\u00ba 006\/16 MEyM;<\/span><\/p>\n<p lang=\"es-ES\" style=\"text-align: justify;\" align=\"justify\"><span style=\"font-size: medium;\">Que el Ente Provincial Regulador de la Energ\u00eda est\u00e1 facultado para el dictado de la presente, en virtud de lo dispuesto en los Art\u00edculos 48\u00b0 inciso b) y 56\u00b0 inciso g) de la Ley N\u00bb 8.916;<\/span><\/p>\n<p lang=\"es-ES\" style=\"text-align: justify;\" align=\"justify\"><span style=\"font-size: medium;\">Que por Decreto N\u00ba 1127\/96 se ha dispuesto la intervenci\u00f3n del Ente, por lo que en uso de sus facultades;<\/span><\/p>\n<p lang=\"es-ES\" style=\"text-align: justify;\" align=\"justify\"><span style=\"font-size: medium;\">Que por Decreto N\u00b0 14\/15 se ha designado Interventor con las facultades y atribuciones exclusivas del Directorio; por ello;<\/span><\/p>\n<p lang=\"es-ES\" style=\"text-align: left;\" align=\"center\"><span style=\"font-size: medium;\"><b>LA INTERVENCION DEL EPRE<br \/>\n<\/b><\/span><span style=\"font-size: medium;\"><b>RESUELVE :<\/b><\/span><\/p>\n<p lang=\"es-ES\" style=\"text-align: justify;\" align=\"justify\"><span style=\"font-size: medium;\"><b>ARTICULO 1\u00b0:<\/b> Convocar a los Intendentes y\/o Presidentes de Juntas de Gobierno a participar en la detecci\u00f3n de posibles beneficiarios de Tarifa Social, los que ser\u00e1n incluidos en el esquema Nacional previsto en la Res N\u00ba 006\/16 MEyM.<\/span><\/p>\n<p lang=\"es-ES\" style=\"text-align: justify;\" align=\"justify\"><span style=\"font-size: medium;\"><b>ARTICULO 2\u00ba:<\/b> Las Distribuidoras pondr\u00e1n a disposici\u00f3n de los Intendentes y\/o Presidentes de Juntas de Gobiernos los listados de posibles beneficiarios que a la fecha no est\u00e9n Incluidos o Excluidos seg\u00fan los criterios nacionales establecidos en la Res N\u00ba 07\/16 MEyM.<\/span><\/p>\n<p lang=\"es-ES\" style=\"text-align: justify;\" align=\"justify\"><span style=\"font-size: medium;\"><b>ARTICULO 3\u00ba:<\/b> Los beneficiarios que surjan como merecedores de tal beneficio, deber\u00e1n ser informados al EPRE habiendo completado la Ficha de Relevamiento Social que figura como Adjunto I y refrendado por un Profesional de Trabajo Social conjuntamente con el Intendente y \/o Presidente de Junta de Gobierno.<\/span><\/p>\n<p lang=\"es-ES\" style=\"text-align: justify;\" align=\"justify\"><span style=\"font-size: medium;\"><b>ARTICULO 4\u00ba:<\/b> El EPRE se reserva la facultad de auditar los informes recibidos, llegando el caso a denegar el acceso al beneficio de encontrar irregularidades manifiestas.<\/span><\/p>\n<p lang=\"es-ES\" style=\"text-align: justify;\" align=\"justify\"><span style=\"font-size: medium;\"><b>ARTICULO 5\u00ba:<\/b> Registrar, publicar en el Bolet\u00edn Oficial, en la P\u00e1gina Web del EPRE y archivar.<\/span><\/p>\n<p>&nbsp;<\/p>\n","protected":false},"excerpt":{"rendered":"<p>PARAN\u00c1, 29 de julio de 2.016 VISTO: Las Res N\u00ba 06\/16 y 07\/16 MEyM de la Naci\u00f3n, la Res N\u00ba 08\/16 EPRE, el Decreto Provincial N\u00ba 5611\/08 GOB, y<\/p>\n","protected":false},"author":1,"featured_media":0,"comment_status":"open","ping_status":"closed","sticky":false,"template":"","format":"standard","meta":{"footnotes":""},"categories":[1,8],"tags":[],"class_list":["post-2718","post","type-post","status-publish","format-standard","hentry","category-noticias","category-resoluciones"],"_links":{"self":[{"href":"https:\/\/epre.gov.ar\/web\/wp-json\/wp\/v2\/posts\/2718","targetHints":{"allow":["GET"]}}],"collection":[{"href":"https:\/\/epre.gov.ar\/web\/wp-json\/wp\/v2\/posts"}],"about":[{"href":"https:\/\/epre.gov.ar\/web\/wp-json\/wp\/v2\/types\/post"}],"author":[{"embeddable":true,"href":"https:\/\/epre.gov.ar\/web\/wp-json\/wp\/v2\/users\/1"}],"replies":[{"embeddable":true,"href":"https:\/\/epre.gov.ar\/web\/wp-json\/wp\/v2\/comments?post=2718"}],"version-history":[{"count":3,"href":"https:\/\/epre.gov.ar\/web\/wp-json\/wp\/v2\/posts\/2718\/revisions"}],"predecessor-version":[{"id":4044,"href":"https:\/\/epre.gov.ar\/web\/wp-json\/wp\/v2\/posts\/2718\/revisions\/4044"}],"wp:attachment":[{"href":"https:\/\/epre.gov.ar\/web\/wp-json\/wp\/v2\/media?parent=2718"}],"wp:term":[{"taxonomy":"category","embeddable":true,"href":"https:\/\/epre.gov.ar\/web\/wp-json\/wp\/v2\/categories?post=2718"},{"taxonomy":"post_tag","embeddable":true,"href":"https:\/\/epre.gov.ar\/web\/wp-json\/wp\/v2\/tags?post=2718"}],"curies":[{"name":"wp","href":"https:\/\/api.w.org\/{rel}","templated":true}]}}