{"id":2617,"date":"2016-08-23T15:10:17","date_gmt":"2016-08-23T15:10:17","guid":{"rendered":"http:\/\/epre.gov.ar\/web\/?p=2617"},"modified":"2016-09-01T13:31:23","modified_gmt":"2016-09-01T13:31:23","slug":"convocatoria-audiencia-publica-informativa","status":"publish","type":"post","link":"https:\/\/epre.gov.ar\/web\/convocatoria-audiencia-publica-informativa\/","title":{"rendered":"CONVOCATORIA AUDIENCIA P\u00daBLICA REVISI\u00d3N TARIFARIA QUINQUENAL"},"content":{"rendered":"<p style=\"text-align: center;\"><a href=\"http:\/\/epre.gov.ar\/web\/wp-content\/uploads\/2016\/06\/audiencia.jpg\"><img loading=\"lazy\" decoding=\"async\" class=\"aligncenter size-full wp-image-2623\" src=\"http:\/\/epre.gov.ar\/web\/wp-content\/uploads\/2016\/06\/audiencia.jpg\" alt=\"audiencia\" width=\"499\" height=\"299\" srcset=\"https:\/\/epre.gov.ar\/web\/wp-content\/uploads\/2016\/06\/audiencia.jpg 499w, https:\/\/epre.gov.ar\/web\/wp-content\/uploads\/2016\/06\/audiencia-300x180.jpg 300w\" sizes=\"auto, (max-width: 499px) 100vw, 499px\" \/><\/a><strong>CONVOCATORIA AUDIENCIA P\u00daBLICA<br \/>\nREVISI\u00d3N TARIFARIA QUINQUENAL<\/strong><\/p>\n<p>El Ente Provincial Regulador de la Energ\u00eda de Entre R\u00edos por Resoluci\u00f3n N\u00ba 70\/16 convoca a Audiencia P\u00fablica. (<a href=\"http:\/\/epre.gov.ar\/web\/wp-content\/uploads\/2016\/06\/convocatoria_audiencia_res_70-16.pdf\">click aqu\u00ed para acceder al texto del documento<\/a>)<\/p>\n<p>&nbsp;<\/p>\n","protected":false},"excerpt":{"rendered":"<p>CONVOCATORIA AUDIENCIA P\u00daBLICA REVISI\u00d3N TARIFARIA QUINQUENAL El Ente Provincial Regulador de la Energ\u00eda de Entre R\u00edos por Resoluci\u00f3n N\u00ba 70\/16 convoca a Audiencia P\u00fablica. (click aqu\u00ed para acceder al texto del documento) &nbsp;<\/p>\n","protected":false},"author":1,"featured_media":0,"comment_status":"closed","ping_status":"closed","sticky":false,"template":"","format":"standard","meta":{"footnotes":""},"categories":[32],"tags":[],"class_list":["post-2617","post","type-post","status-publish","format-standard","hentry","category-breves"],"_links":{"self":[{"href":"https:\/\/epre.gov.ar\/web\/wp-json\/wp\/v2\/posts\/2617","targetHints":{"allow":["GET"]}}],"collection":[{"href":"https:\/\/epre.gov.ar\/web\/wp-json\/wp\/v2\/posts"}],"about":[{"href":"https:\/\/epre.gov.ar\/web\/wp-json\/wp\/v2\/types\/post"}],"author":[{"embeddable":true,"href":"https:\/\/epre.gov.ar\/web\/wp-json\/wp\/v2\/users\/1"}],"replies":[{"embeddable":true,"href":"https:\/\/epre.gov.ar\/web\/wp-json\/wp\/v2\/comments?post=2617"}],"version-history":[{"count":5,"href":"https:\/\/epre.gov.ar\/web\/wp-json\/wp\/v2\/posts\/2617\/revisions"}],"predecessor-version":[{"id":2740,"href":"https:\/\/epre.gov.ar\/web\/wp-json\/wp\/v2\/posts\/2617\/revisions\/2740"}],"wp:attachment":[{"href":"https:\/\/epre.gov.ar\/web\/wp-json\/wp\/v2\/media?parent=2617"}],"wp:term":[{"taxonomy":"category","embeddable":true,"href":"https:\/\/epre.gov.ar\/web\/wp-json\/wp\/v2\/categories?post=2617"},{"taxonomy":"post_tag","embeddable":true,"href":"https:\/\/epre.gov.ar\/web\/wp-json\/wp\/v2\/tags?post=2617"}],"curies":[{"name":"wp","href":"https:\/\/api.w.org\/{rel}","templated":true}]}}