{"id":2528,"date":"2016-05-21T14:50:02","date_gmt":"2016-05-21T14:50:02","guid":{"rendered":"http:\/\/epre.gov.ar\/web\/?p=2528"},"modified":"2016-05-21T14:53:07","modified_gmt":"2016-05-21T14:53:07","slug":"adere-jornada-sobre-los-nuevos-desafios-de-la-regulacion-energetica","status":"publish","type":"post","link":"https:\/\/epre.gov.ar\/web\/adere-jornada-sobre-los-nuevos-desafios-de-la-regulacion-energetica\/","title":{"rendered":"ADERE: Jornada sobre los nuevos desaf\u00edos de la regulaci\u00f3n energ\u00e9tica"},"content":{"rendered":"<p style=\"text-align: justify;\">\u00abEn conmemoraci\u00f3n al 20 ANIVERSARIO de ADERE, el Secretario de Energ\u00eda El\u00e9ctrica, Ing. Alejandro Sruoga particip\u00f3 de la \u201cJornada sobre los nuevos desaf\u00edos de la regulaci\u00f3n energ\u00e9tica, El rol de los Entes Reguladores y La actual tarifa el\u00e9ctrica\u201d. Organizado por ERSeP el 19 mayo en la ciudad de Villa Carlos Paz (C\u00f3rdoba). A su vez participaron del encuentro, el Subsecretario de Coordinaci\u00f3n de Pol\u00edtica Tarifaria del Ministerio de Energ\u00eda y Miner\u00eda de la Naci\u00f3n, Andr\u00e9s Chambouleyron, el Ministro de Agua, Ambiente y Servicios P\u00fablicos de la provincia de C\u00f3rdoba, Fabi\u00e1n L\u00f3pez y los representantes de las provincias que forman parte de ADERE.\u00bb<\/p>\n<p><img loading=\"lazy\" decoding=\"async\" class=\"aligncenter wp-image-2531\" src=\"http:\/\/epre.gov.ar\/web\/wp-content\/uploads\/2016\/05\/adere_cba.jpg\" alt=\"adere_cba\" width=\"746\" height=\"497\" \/><\/p>\n","protected":false},"excerpt":{"rendered":"<p>\u00abEn conmemoraci\u00f3n al 20 ANIVERSARIO de ADERE, el Secretario de Energ\u00eda El\u00e9ctrica, Ing. Alejandro Sruoga particip\u00f3 de la \u201cJornada sobre los nuevos desaf\u00edos de la regulaci\u00f3n energ\u00e9tica, El rol de los Entes Reguladores y La actual tarifa el\u00e9ctrica\u201d. Organizado por ERSeP el 19 mayo en la ciudad de Villa Carlos Paz (C\u00f3rdoba). A su vez [&hellip;]<\/p>\n","protected":false},"author":1,"featured_media":0,"comment_status":"open","ping_status":"closed","sticky":false,"template":"","format":"standard","meta":{"footnotes":""},"categories":[1,32],"tags":[],"class_list":["post-2528","post","type-post","status-publish","format-standard","hentry","category-noticias","category-breves"],"_links":{"self":[{"href":"https:\/\/epre.gov.ar\/web\/wp-json\/wp\/v2\/posts\/2528","targetHints":{"allow":["GET"]}}],"collection":[{"href":"https:\/\/epre.gov.ar\/web\/wp-json\/wp\/v2\/posts"}],"about":[{"href":"https:\/\/epre.gov.ar\/web\/wp-json\/wp\/v2\/types\/post"}],"author":[{"embeddable":true,"href":"https:\/\/epre.gov.ar\/web\/wp-json\/wp\/v2\/users\/1"}],"replies":[{"embeddable":true,"href":"https:\/\/epre.gov.ar\/web\/wp-json\/wp\/v2\/comments?post=2528"}],"version-history":[{"count":4,"href":"https:\/\/epre.gov.ar\/web\/wp-json\/wp\/v2\/posts\/2528\/revisions"}],"predecessor-version":[{"id":2535,"href":"https:\/\/epre.gov.ar\/web\/wp-json\/wp\/v2\/posts\/2528\/revisions\/2535"}],"wp:attachment":[{"href":"https:\/\/epre.gov.ar\/web\/wp-json\/wp\/v2\/media?parent=2528"}],"wp:term":[{"taxonomy":"category","embeddable":true,"href":"https:\/\/epre.gov.ar\/web\/wp-json\/wp\/v2\/categories?post=2528"},{"taxonomy":"post_tag","embeddable":true,"href":"https:\/\/epre.gov.ar\/web\/wp-json\/wp\/v2\/tags?post=2528"}],"curies":[{"name":"wp","href":"https:\/\/api.w.org\/{rel}","templated":true}]}}