{"id":2307,"date":"2016-03-04T12:12:52","date_gmt":"2016-03-04T12:12:52","guid":{"rendered":"http:\/\/epre.gov.ar\/web\/?p=2307"},"modified":"2016-03-04T12:15:18","modified_gmt":"2016-03-04T12:15:18","slug":"la-tarifa-social-para-la-energia-electrica-alcanza-al-30-de-las-familias-entrerrianas","status":"publish","type":"post","link":"https:\/\/epre.gov.ar\/web\/la-tarifa-social-para-la-energia-electrica-alcanza-al-30-de-las-familias-entrerrianas\/","title":{"rendered":"La tarifa social para la energ\u00eda el\u00e9ctrica alcanza al 30% de las familias entrerrianas"},"content":{"rendered":"<p style=\"text-align: justify;\">Con el fin de amortiguar el efecto de la actualizaci\u00f3n de tarifas y la quita de subsidios por parte de Naci\u00f3n, el gobierno implement\u00f3 una tarifa social que alcanza a los hogares de menor consumo de energ\u00eda el\u00e9ctrica. En un encuentro mantenido este jueves en Villaguay, el titular del Ente Provincial Regulador de Energ\u00eda (EPRE), Marcos Rodr\u00edguez Allende, les explic\u00f3 a los representantes de las 18 cooperativas distribuidoras de energ\u00eda de la provincia las caracter\u00edsticas y beneficios de este programa.<\/p>\n<div align=\"center\">\n<iframe loading=\"lazy\" src=\"https:\/\/www.youtube.com\/embed\/tVHhh3xreN4?rel=0\" width=\"320\" height=\"240\" frameborder=\"0\" align=\"center\" allowfullscreen=\"allowfullscreen\"><\/iframe>\n<\/div>\n<p><!--more--><\/p>\n<p style=\"text-align: justify;\">En la reuni\u00f3n, donde tambi\u00e9n estuvo el director de Tarifas del EPRE, Jaime Sirtori, los presidentes de las cooperativas recibieron informaci\u00f3n detallada de nueva tarifa social que rige en la Naci\u00f3n y la provincia, y la forma de implementarla.<\/p>\n<p style=\"text-align: justify;\">\u201cEl gobernador Gustavo Bordet nos viene pidiendo que nos ocupemos de todas las distribuidoras el\u00e9ctricas a partir de los tiempos que estamos viviendo, con muchas modificaciones en el sector el\u00e9ctrico en el \u00e1mbito nacional, como lo sucedido en el cuadro tarifario\u201d, indic\u00f3 Rodr\u00edguez Allende.<\/p>\n<p style=\"text-align: justify;\">Dijo que en torno a ello se llev\u00f3 a cabo la reuni\u00f3n de este jueves con todas las cooperativas el\u00e9ctricas de la provincia, con la finalidad de escuchar sus necesidades y abordar y buscar soluciones a las problem\u00e1ticas que esas entidades vienen planteando.<\/p>\n<p style=\"text-align: justify;\">\u201cParte de la problem\u00e1tica es no solo la aplicaci\u00f3n de un nuevo cuadro tarifario que afecta a los usuarios entrerrianos, sino tambi\u00e9n c\u00f3mo amortiguar ese nuevo cuadro aplicando la tarifa social\u201d, indic\u00f3 el titular del EPRE.<\/p>\n<p style=\"text-align: justify;\">Detall\u00f3 que en el encuentro \u201cse revisaron y estudiaron las diferentes metodolog\u00edas para aplicar la tarifa social en los ciudadanos que efectivamente merezcan gozar de una tarifa justa y razonable, y para que no le afecte el aumento de compra de energ\u00eda que se origin\u00f3 a nivel nacional. Esto es parte de la pol\u00edtica el\u00e9ctrica que el gobernador Bordet estableci\u00f3 y estamos dando soluciones a los distintos problemas que nos vienen planteando\u201d, remarc\u00f3.<\/p>\n<p style=\"text-align: justify;\">Apunt\u00f3 que en la provincia ese beneficio tarifario alcanza a casi el 30 por ciento de los usuarios, y apunt\u00f3: \u201cEsto es muy positivo porque estamos cubriendo a gran parte de la poblaci\u00f3n entrerriana, con la expectativa de que la tarifa que se aument\u00f3 a nivel nacional no los alcance\u201d, indic\u00f3 el funcionario.<\/p>\n<p style=\"text-align: justify;\">Agreg\u00f3 que las cooperativas tomaron \u201cmuy bien\u201d el aporte y la colaboraci\u00f3n que les brinda el Estado provincial mediante la aplicaci\u00f3n de subsidios, la compensaci\u00f3n de tarifas y la discusi\u00f3n en torno a la readecuaci\u00f3n tarifaria, entre otras herramientas.<\/p>\n<p style=\"text-align: justify;\">\u201cA partir del primer d\u00eda de enero de este a\u00f1o hubo un nuevo paradigma en el sector el\u00e9ctrico nacional que afecta a los usuarios, aunque no de una manera desmedida en Entre R\u00edos, y que mejora la situaci\u00f3n de las distribuidoras\u201d, explic\u00f3 Rodr\u00edguez Allende y dijo que a partir de ello se debe \u201cestar atento a que las distribuidoras puedan realizar todas las inversiones que sean necesarias para mantener la calidad del servicio\u201d.<\/p>\n<p style=\"text-align: justify;\">Inform\u00f3 por otra parte que las diferentes cooperativas tambi\u00e9n transmitieron los problemas ocasionados por la situaci\u00f3n climatol\u00f3gica de los \u00faltimos tiempos, \u201clo que se debe afrontar con inversiones\u201d, y dio cuenta de la satisfacci\u00f3n expresada por las cooperativas sobre el trabajo realizado desde el Ente y el gobierno en torno al nuevo cuadro tarifario y las soluciones aportadas. \u201cLas propias cooperativas han agradecido por lo que hemos hecho en los meses de enero y febrero a favor de las distribuidoras y nos han transmitido el agradecimiento mismo para el gobernador. A\u00fan quedan muchas cosas para hacer, pero este es un punto de partida para trabajar en el tema bajo un mismo lineamiento pol\u00edtico\u201d, dijo Rodr\u00edguez Allende.<\/p>\n<p style=\"text-align: justify;\"><strong>Audiencia quinquenal<\/strong><\/p>\n<p style=\"text-align: justify;\">Apunt\u00f3 que se estableci\u00f3 mantener este tipo de reuniones cada 15 d\u00edas e inform\u00f3 que tambi\u00e9n est\u00e1 pendiente la audiencia quinquenal, un encuentro obligatorio que debe realizar el EPRE. Dijo que all\u00ed se debe abordar una revisi\u00f3n integral del sistema el\u00e9ctrico de la provincia, profundizando en cuestiones de inversi\u00f3n para las distribuidoras \u201ca partir de lo que nos pide el gobernador que es atender a los usuarios, manteniendo un equilibrio entre las obligaciones de las distribuidoras y los derechos de los usuarios\u201d.<\/p>\n<p style=\"text-align: justify;\">Por \u00faltimo indic\u00f3: \u201cNosotros tenemos un sistema el\u00e9ctrico solvente que ha podido llevar sobrellevar temporadas con alt\u00edsimas temperaturas manteniendo un calidad de servicio muy \u00f3ptima\u201d.<\/p>\n\n\t\t<style type=\"text\/css\">\n\t\t\t#gallery-1 {\n\t\t\t\tmargin: auto;\n\t\t\t}\n\t\t\t#gallery-1 .gallery-item {\n\t\t\t\tfloat: left;\n\t\t\t\tmargin-top: 10px;\n\t\t\t\ttext-align: center;\n\t\t\t\twidth: 20%;\n\t\t\t}\n\t\t\t#gallery-1 img {\n\t\t\t\tborder: 2px solid #cfcfcf;\n\t\t\t}\n\t\t\t#gallery-1 .gallery-caption {\n\t\t\t\tmargin-left: 0;\n\t\t\t}\n\t\t\t\/* see gallery_shortcode() in wp-includes\/media.php *\/\n\t\t<\/style>\n\t\t<div id='gallery-1' class='gallery galleryid-2307 gallery-columns-5 gallery-size-thumbnail'><dl class='gallery-item'>\n\t\t\t<dt class='gallery-icon landscape'>\n\t\t\t\t<a href='https:\/\/epre.gov.ar\/web\/wp-content\/uploads\/2016\/03\/AdobePhotoshopExpress_e9637fe9d7954d3c96c2a1cb4131bcc9.jpg'><img loading=\"lazy\" decoding=\"async\" width=\"100\" height=\"100\" src=\"https:\/\/epre.gov.ar\/web\/wp-content\/uploads\/2016\/03\/AdobePhotoshopExpress_e9637fe9d7954d3c96c2a1cb4131bcc9-150x150.jpg\" class=\"attachment-thumbnail size-thumbnail\" alt=\"\" \/><\/a>\n\t\t\t<\/dt><\/dl><dl class='gallery-item'>\n\t\t\t<dt class='gallery-icon landscape'>\n\t\t\t\t<a href='https:\/\/epre.gov.ar\/web\/wp-content\/uploads\/2016\/03\/AdobePhotoshopExpress_e01323ca7233470c892f004d8462667a.jpg'><img loading=\"lazy\" decoding=\"async\" width=\"100\" height=\"100\" src=\"https:\/\/epre.gov.ar\/web\/wp-content\/uploads\/2016\/03\/AdobePhotoshopExpress_e01323ca7233470c892f004d8462667a-150x150.jpg\" class=\"attachment-thumbnail size-thumbnail\" alt=\"\" \/><\/a>\n\t\t\t<\/dt><\/dl><dl class='gallery-item'>\n\t\t\t<dt class='gallery-icon landscape'>\n\t\t\t\t<a href='https:\/\/epre.gov.ar\/web\/wp-content\/uploads\/2016\/03\/AdobePhotoshopExpress_81f2dc1c30084cae803b3ede789644aa.jpg'><img loading=\"lazy\" decoding=\"async\" width=\"100\" height=\"100\" src=\"https:\/\/epre.gov.ar\/web\/wp-content\/uploads\/2016\/03\/AdobePhotoshopExpress_81f2dc1c30084cae803b3ede789644aa-150x150.jpg\" class=\"attachment-thumbnail size-thumbnail\" alt=\"\" \/><\/a>\n\t\t\t<\/dt><\/dl><dl class='gallery-item'>\n\t\t\t<dt class='gallery-icon landscape'>\n\t\t\t\t<a href='https:\/\/epre.gov.ar\/web\/wp-content\/uploads\/2016\/03\/AdobePhotoshopExpress_09f2f53dfd6c4bc79622e6e1181717e5.jpg'><img loading=\"lazy\" decoding=\"async\" width=\"100\" height=\"100\" src=\"https:\/\/epre.gov.ar\/web\/wp-content\/uploads\/2016\/03\/AdobePhotoshopExpress_09f2f53dfd6c4bc79622e6e1181717e5-150x150.jpg\" class=\"attachment-thumbnail size-thumbnail\" alt=\"\" \/><\/a>\n\t\t\t<\/dt><\/dl><dl class='gallery-item'>\n\t\t\t<dt class='gallery-icon landscape'>\n\t\t\t\t<a href='https:\/\/epre.gov.ar\/web\/wp-content\/uploads\/2016\/03\/AdobePhotoshopExpress_3f09f0b324a043b0aa2e4989c51d3327.jpg'><img loading=\"lazy\" decoding=\"async\" width=\"100\" height=\"100\" src=\"https:\/\/epre.gov.ar\/web\/wp-content\/uploads\/2016\/03\/AdobePhotoshopExpress_3f09f0b324a043b0aa2e4989c51d3327-150x150.jpg\" class=\"attachment-thumbnail size-thumbnail\" alt=\"\" \/><\/a>\n\t\t\t<\/dt><\/dl><br style=\"clear: both\" \/>\n\t\t<\/div>\n\n","protected":false},"excerpt":{"rendered":"<p>Con el fin de amortiguar el efecto de la actualizaci\u00f3n de tarifas y la quita de subsidios por parte de Naci\u00f3n, el gobierno implement\u00f3 una tarifa social que alcanza a los hogares de menor consumo de energ\u00eda el\u00e9ctrica. En un encuentro mantenido este jueves en Villaguay, el titular del Ente Provincial Regulador de Energ\u00eda (EPRE), [&hellip;]<\/p>\n","protected":false},"author":1,"featured_media":0,"comment_status":"open","ping_status":"closed","sticky":false,"template":"","format":"standard","meta":{"footnotes":""},"categories":[1],"tags":[],"class_list":["post-2307","post","type-post","status-publish","format-standard","hentry","category-noticias"],"_links":{"self":[{"href":"https:\/\/epre.gov.ar\/web\/wp-json\/wp\/v2\/posts\/2307","targetHints":{"allow":["GET"]}}],"collection":[{"href":"https:\/\/epre.gov.ar\/web\/wp-json\/wp\/v2\/posts"}],"about":[{"href":"https:\/\/epre.gov.ar\/web\/wp-json\/wp\/v2\/types\/post"}],"author":[{"embeddable":true,"href":"https:\/\/epre.gov.ar\/web\/wp-json\/wp\/v2\/users\/1"}],"replies":[{"embeddable":true,"href":"https:\/\/epre.gov.ar\/web\/wp-json\/wp\/v2\/comments?post=2307"}],"version-history":[{"count":3,"href":"https:\/\/epre.gov.ar\/web\/wp-json\/wp\/v2\/posts\/2307\/revisions"}],"predecessor-version":[{"id":2315,"href":"https:\/\/epre.gov.ar\/web\/wp-json\/wp\/v2\/posts\/2307\/revisions\/2315"}],"wp:attachment":[{"href":"https:\/\/epre.gov.ar\/web\/wp-json\/wp\/v2\/media?parent=2307"}],"wp:term":[{"taxonomy":"category","embeddable":true,"href":"https:\/\/epre.gov.ar\/web\/wp-json\/wp\/v2\/categories?post=2307"},{"taxonomy":"post_tag","embeddable":true,"href":"https:\/\/epre.gov.ar\/web\/wp-json\/wp\/v2\/tags?post=2307"}],"curies":[{"name":"wp","href":"https:\/\/api.w.org\/{rel}","templated":true}]}}