{"id":23,"date":"2014-10-09T20:19:33","date_gmt":"2014-10-09T20:19:33","guid":{"rendered":"http:\/\/epre.gov.ar\/web\/?p=23"},"modified":"2014-10-09T21:01:30","modified_gmt":"2014-10-09T21:01:30","slug":"destacan-el-impacto-economico-y-social-de-la-nueva-estacion-transformadora-gran-parana","status":"publish","type":"post","link":"https:\/\/epre.gov.ar\/web\/destacan-el-impacto-economico-y-social-de-la-nueva-estacion-transformadora-gran-parana\/","title":{"rendered":"Destacan el impacto econ\u00f3mico y social de la nueva Estaci\u00f3n Transformadora Gran Paran\u00e1"},"content":{"rendered":"<p>La obra de la Estaci\u00f3n Transformadora (ET) Gran Paran\u00e1, ubicada a 10 Km. de la capital entrerriana, sobre un predio de 16 hect\u00e1reas, representa un proyecto estrat\u00e9gico de gran impacto a nivel provincial y nacional. Una vez terminada Entre R\u00edos dejar\u00e1 de depender de la toma de energ\u00eda que hasta hoy se hace desde Santo Tom\u00e9 (Santa Fe). La nueva Estaci\u00f3n de 500\/132kV posee un monto de inversi\u00f3n que asciende a los 700 millones de pesos, abastecer\u00e1 a 1 mill\u00f3n de personas. La obra ocupa hoy a 360 trabajadores.<\/p>\n<p><!--more--><\/p>\n<p><a href=\"http:\/\/epre.gov.ar\/web\/wp-content\/uploads\/2014\/10\/1410901619.jpg\"><img loading=\"lazy\" decoding=\"async\" class=\"alignleft wp-image-24 size-medium\" src=\"http:\/\/epre.gov.ar\/web\/wp-content\/uploads\/2014\/10\/1410901619-300x199.jpg\" alt=\"1410901619\" width=\"300\" height=\"199\" srcset=\"https:\/\/epre.gov.ar\/web\/wp-content\/uploads\/2014\/10\/1410901619-300x199.jpg 300w, https:\/\/epre.gov.ar\/web\/wp-content\/uploads\/2014\/10\/1410901619-1024x682.jpg 1024w, https:\/\/epre.gov.ar\/web\/wp-content\/uploads\/2014\/10\/1410901619.jpg 2000w\" sizes=\"auto, (max-width: 300px) 100vw, 300px\" \/><\/a><\/p>\n<p>Este martes, durante la recorrida a la obra, el ministro de Planeamiento, Infraestructura y Servicios, Juan Javier Garc\u00eda, destac\u00f3 que a partir de esta estaci\u00f3n \u201ctendremos mayor disponibilidad de energ\u00eda el\u00e9ctrica para abastecer a la regi\u00f3n de la provincia; habr\u00e1 un suministro directo que garantice el abastecimiento para toda la zona de influencia, as\u00ed como tambi\u00e9n generar\u00e1 inversiones en la provincia al facilitar el desarrollo econ\u00f3mico, generando nuevas inversiones que acompa\u00f1an el crecimiento del sector productivo\u201d.<\/p>\n<p>\u201cEst\u00e1 planificada con una proyecci\u00f3n de 20 a\u00f1os donde se involucra el abastecimiento de m\u00e1s de 1 mill\u00f3n de habitantes\u201d, resalt\u00f3 Garc\u00eda antes de agregar que \u201cha sido decisi\u00f3n pol\u00edtica de nuestro gobernador Sergio Urribarri acompa\u00f1ar con estas obras al crecimiento de la demanda del sector residencial y productivo, de manera que en los \u00faltimos a\u00f1os se reduzcan inconvenientes en el sistema el\u00e9ctrico\u201d.<\/p>\n<p>Acompa\u00f1aron al ministro en su visita el secretario de Energ\u00eda, Ra\u00fal Arroyo; el presidente de Enersa, Alfredo Muzachiodi; el director de Desarrollo El\u00e9ctrico, Francisco Padula, y el presidente del Ente Provincial Regulador de la Energ\u00eda, Marcos Rodr\u00edguez Allende. Adem\u00e1s acompa\u00f1aron a los funcionarios t\u00e9cnicos y profesionales de la empresa a cargo, y el supervisor de obra civil, Juan Pablo Arroyo.<\/p>\n<p>Impacto zonal y nacional<\/p>\n<p>Por otra parte, el supervisor de la obra civil resalt\u00f3 que \u201cdesde el punto de vista el\u00e9ctrico, es en este momento la obra m\u00e1s importante que tiene la provincia, lo que significa poder hacer un cierre vinculando Salto Grande, Ceibas y Paran\u00e1, d\u00e1ndole seguridad y estabilidad a todo el sistema el\u00e9ctrico provincial\u201d.<\/p>\n<p>Asimismo Juan Arroyo puso de relieve que \u201cesta obra va estar vinculada al sistema interconectado nacional\u201d.<\/p>\n<p>Financiamiento<\/p>\n<p>La obra es financiada por el Banco Interamericano de Desarrollo (BID) y el gobierno nacional a trav\u00e9s de un convenio con el Ministerio de Planificaci\u00f3n Federal.<\/p>\n<p>la obra implica una gran cantidad de personal para desarrollar esta obra, aproximadamente 360 personas se encuentran desarrollando diferentes tareas.<\/p>\n<p>(Prensa Ministerio de Planeamiento, Infraestructura y Servicios)<\/p>\n","protected":false},"excerpt":{"rendered":"<p>La obra de la Estaci\u00f3n Transformadora (ET) Gran Paran\u00e1, ubicada a 10 Km. de la capital entrerriana, sobre un predio de 16 hect\u00e1reas, representa un proyecto estrat\u00e9gico de gran impacto a nivel provincial y nacional. Una vez terminada Entre R\u00edos dejar\u00e1 de depender de la toma de energ\u00eda que hasta hoy se hace desde Santo [&hellip;]<\/p>\n","protected":false},"author":1,"featured_media":24,"comment_status":"open","ping_status":"closed","sticky":false,"template":"","format":"standard","meta":{"footnotes":""},"categories":[1],"tags":[],"class_list":["post-23","post","type-post","status-publish","format-standard","has-post-thumbnail","hentry","category-noticias"],"_links":{"self":[{"href":"https:\/\/epre.gov.ar\/web\/wp-json\/wp\/v2\/posts\/23","targetHints":{"allow":["GET"]}}],"collection":[{"href":"https:\/\/epre.gov.ar\/web\/wp-json\/wp\/v2\/posts"}],"about":[{"href":"https:\/\/epre.gov.ar\/web\/wp-json\/wp\/v2\/types\/post"}],"author":[{"embeddable":true,"href":"https:\/\/epre.gov.ar\/web\/wp-json\/wp\/v2\/users\/1"}],"replies":[{"embeddable":true,"href":"https:\/\/epre.gov.ar\/web\/wp-json\/wp\/v2\/comments?post=23"}],"version-history":[{"count":2,"href":"https:\/\/epre.gov.ar\/web\/wp-json\/wp\/v2\/posts\/23\/revisions"}],"predecessor-version":[{"id":40,"href":"https:\/\/epre.gov.ar\/web\/wp-json\/wp\/v2\/posts\/23\/revisions\/40"}],"wp:featuredmedia":[{"embeddable":true,"href":"https:\/\/epre.gov.ar\/web\/wp-json\/wp\/v2\/media\/24"}],"wp:attachment":[{"href":"https:\/\/epre.gov.ar\/web\/wp-json\/wp\/v2\/media?parent=23"}],"wp:term":[{"taxonomy":"category","embeddable":true,"href":"https:\/\/epre.gov.ar\/web\/wp-json\/wp\/v2\/categories?post=23"},{"taxonomy":"post_tag","embeddable":true,"href":"https:\/\/epre.gov.ar\/web\/wp-json\/wp\/v2\/tags?post=23"}],"curies":[{"name":"wp","href":"https:\/\/api.w.org\/{rel}","templated":true}]}}