{"id":2230,"date":"2016-02-07T15:21:04","date_gmt":"2016-02-07T15:21:04","guid":{"rendered":"http:\/\/epre.gov.ar\/web\/?p=2230"},"modified":"2018-11-29T14:14:52","modified_gmt":"2018-11-29T14:14:52","slug":"resolucion-14715","status":"publish","type":"post","link":"https:\/\/epre.gov.ar\/web\/resolucion-14715\/","title":{"rendered":"Resolucion N\u00ba 147\/15"},"content":{"rendered":"<p style=\"text-align: justify;\"><strong>VISTO:<\/strong><\/p>\n<p style=\"text-align: justify;\">La Ley N\u00b0 8916\/95, el Decreto N\u00b0 1300\/95, el Decreto N\u00b0 734\/12 GOB, el Dcto. N\u00b0 1859\/13 MPIyS, los Contratos de Concesi\u00f3n firmados entre el Poder Concedente y las Distribuidoras; la Res N\u00ba 092\/15 y;<\/p>\n<p><!--more--><strong>CONSIDERANDO:<\/strong><\/p>\n<p style=\"text-align: justify;\">Que el Art. 33 de la Ley N\u00b0 8916\u00a0 fija que finalizado el per\u00edodo inicial de cinco (5) a\u00f1os el Ente Provincial Regulador de la Energ\u00eda fijar\u00e1 nuevamente las tarifas por per\u00edodos sucesivos a los cinco (5) a\u00f1os;<\/p>\n<p style=\"text-align: justify;\">Que el Art. 35 de la citada norma puntualiza que \u201cLos distribuidores, dentro del \u00faltimo a\u00f1o del per\u00edodo indicado en el art\u00edculo 33 de esta ley, y con sujeci\u00f3n a la reglamentaci\u00f3n que dicte el Ente Provincial Regulador de la Energ\u00eda, deber\u00e1n solicitarle la aprobaci\u00f3n de los cuadros tarifarios que respondiendo a lo establecido en el Art. 32 se proponen aplicar, indicando las modalidades, tasas y dem\u00e1s cargos que correspondan a cada tipo de servicio, as\u00ed como las clasificaciones de sus usuarios y las condiciones generales del servicio\u201d;<\/p>\n<p style=\"text-align: justify;\">Que el Contrato de Concesi\u00f3n firmado con ENERSA en su Art. 22, establece que el Segundo Per\u00edodo Tarifario comienza el 1\u00ba de Julio de 2016;<\/p>\n<p style=\"text-align: justify;\">Que los Contratos de Concesi\u00f3n firmados con las distintas Distribuidoras Cooperativas a partir de lo establecido en el Dcto. N\u00b0 1859\/13 MPIyS, establecen en su Art. 27 que el Segundo Per\u00edodo Tarifario comienza el 1\u00ba de Julio de 2016;<\/p>\n<p style=\"text-align: justify;\">Que en los mismos articulados citados en los p\u00e1rrafos anteriores establecen que \u201c\u2026A los fines de la revisi\u00f3n del Reglamento de Suministro, R\u00e9gimen Tarifario y del Cuadro Tarifario, con DIEZ (10) MESES de antelaci\u00f3n a la finalizaci\u00f3n de cada per\u00edodo de vigencia tarifaria, LA DISTRIBUIDORA podr\u00e1 proponer a la AUTORIDAD DE APLICACI\u00d3N un nuevo Reglamento de Suministro, R\u00e9gimen Tarifario y Cuadro Tarifario.<\/p>\n<p style=\"text-align: justify;\">La propuesta que se efect\u00fae deber\u00e1 respetar los principios tarifarios b\u00e1sicos establecidos en el Marco Regulatorio El\u00e9ctrico Provincial y su reglamentaci\u00f3n, as\u00ed como los lineamientos y par\u00e1metros que especifique EL ENTE.\u201d<\/p>\n<p style=\"text-align: justify;\">Que es necesario llevar adelante la revisi\u00f3n prevista en el Art 22 del Contrato de Concesi\u00f3n de ENERSA y en los Art 27 de los Contratos de Concesi\u00f3n de las Cooperativas, v\u00e1lida para el per\u00edodo 2016-2021;<\/p>\n<p style=\"text-align: justify;\">Que el Decreto Reglamentario N\u00b0 1300\/95 en su Art. 33\u00ba fija que \u201cAl fin de cada per\u00edodo de cinco a\u00f1os, el Ente Provincial Regulador de la Energ\u00eda deber\u00e1 fijar el criterio para la revisi\u00f3n\u00a0 del cuadro tarifario seg\u00fan lo establecido por la ley N\u00ba 8.916\u201d;<\/p>\n<p style=\"text-align: justify;\">Que los Contratos de Concesi\u00f3n vigentes establecen, en cuanto a las revisiones, que \u201cla propuesta deber\u00e1 respetar los principios tarifarios b\u00e1sicos establecidos en el Marco Regulatorio El\u00e9ctrico Provincial y su reglamentaci\u00f3n, as\u00ed como los lineamientos y par\u00e1metros que especifique EL ENTE\u201d;<\/p>\n<p style=\"text-align: justify;\">Que en funci\u00f3n de la aplicaci\u00f3n de un Cuadro Tarifario Provincial, seg\u00fan lo establecido en el Art. 41 del Dcto. 1300\/95 y la inexistencia de compensaci\u00f3n entre Distribuidoras, no se cumplen los lineamientos tarifarios establecidos en el Art. 30 de la Ley de Marco Regulatorio;<\/p>\n<p style=\"text-align: justify;\">Que es necesario analizar la conformaci\u00f3n de un Fondo Compensador entre Distribuidoras que atienda las diferentes condiciones en la prestaci\u00f3n del servicio ante la implementaci\u00f3n de un Cuadro Tarifario \u00fanico;<\/p>\n<p style=\"text-align: justify;\">Que corresponde entonces a este Ente, el dictado de los lineamientos a los que deber\u00e1n ajustarse las presentaciones de las Distribuidoras;<\/p>\n<p style=\"text-align: justify;\">Que en la Res N\u00ba 092\/15 se establecieron criterios para el estudio de costos compatibles con una Revisi\u00f3n Tarifaria Quinquenal;<\/p>\n<p style=\"text-align: justify;\">Que por Decreto N\u00b0 014\/15 se ha designado Interventor del Ente, con las facultades y atribuciones exclusivas del Directorio, por ello;<\/p>\n<p style=\"text-align: justify;\"><strong>LA INTERVENCION DEL EPRE<br \/>\n<\/strong><strong>RESUELVE:<\/strong><\/p>\n<p style=\"text-align: justify;\"><strong>ARTICULO 1\u00b0:<\/strong> Realizar, en cumplimiento de lo establecido en los Contratos de Concesi\u00f3n, la Revisi\u00f3n Tarifaria Quinquenal, que tendr\u00e1 vigencia para el per\u00edodo comprendido entre el l\u00b0 de Julio de 2016 y el 30 de Junio de 2021.<\/p>\n<p style=\"text-align: justify;\"><strong>ARTICULO 2\u00ba:<\/strong> Aprobar el ANEXO I de la Res N\u00ba 092\/15 EPRE como los criterios para la Revisi\u00f3n Tarifaria Quinquenal 2011-2016, que ser\u00e1n de aplicaci\u00f3n para las propuestas que las Distribuidoras presenten ante este EPRE.<\/p>\n<p style=\"text-align: justify;\"><strong>ARTICULO 3\u00ba:<\/strong> Establecer como fecha l\u00edmite para la presentaci\u00f3n de Propuestas de las Distribuidoras el d\u00eda 29 de febrero de 2016.<\/p>\n<p style=\"text-align: justify;\"><strong>ARTICULO 4\u00ba:<\/strong> Registrar, notificar al Sr. Secretario de Energ\u00eda, a las Distribuidoras El\u00e9ctricas de Jurisdicci\u00f3n Provincial, publicar en el Bolet\u00edn Oficial, en la P\u00e1gina Web del EPRE y archivar.<\/p>\n<p style=\"text-align: center;\"><strong>DR. MARCOS RODRIGUEZ ALLENDE<\/strong><br \/>\n<strong>INTERVENTOR EPRE<\/strong><\/p>\n","protected":false},"excerpt":{"rendered":"<p>VISTO: La Ley N\u00b0 8916\/95, el Decreto N\u00b0 1300\/95, el Decreto N\u00b0 734\/12 GOB, el Dcto. N\u00b0 1859\/13 MPIyS, los Contratos de Concesi\u00f3n firmados entre el Poder Concedente y las Distribuidoras; la Res N\u00ba 092\/15 y;<\/p>\n","protected":false},"author":1,"featured_media":0,"comment_status":"open","ping_status":"closed","sticky":false,"template":"","format":"standard","meta":{"footnotes":""},"categories":[8],"tags":[],"class_list":["post-2230","post","type-post","status-publish","format-standard","hentry","category-resoluciones"],"_links":{"self":[{"href":"https:\/\/epre.gov.ar\/web\/wp-json\/wp\/v2\/posts\/2230","targetHints":{"allow":["GET"]}}],"collection":[{"href":"https:\/\/epre.gov.ar\/web\/wp-json\/wp\/v2\/posts"}],"about":[{"href":"https:\/\/epre.gov.ar\/web\/wp-json\/wp\/v2\/types\/post"}],"author":[{"embeddable":true,"href":"https:\/\/epre.gov.ar\/web\/wp-json\/wp\/v2\/users\/1"}],"replies":[{"embeddable":true,"href":"https:\/\/epre.gov.ar\/web\/wp-json\/wp\/v2\/comments?post=2230"}],"version-history":[{"count":6,"href":"https:\/\/epre.gov.ar\/web\/wp-json\/wp\/v2\/posts\/2230\/revisions"}],"predecessor-version":[{"id":4037,"href":"https:\/\/epre.gov.ar\/web\/wp-json\/wp\/v2\/posts\/2230\/revisions\/4037"}],"wp:attachment":[{"href":"https:\/\/epre.gov.ar\/web\/wp-json\/wp\/v2\/media?parent=2230"}],"wp:term":[{"taxonomy":"category","embeddable":true,"href":"https:\/\/epre.gov.ar\/web\/wp-json\/wp\/v2\/categories?post=2230"},{"taxonomy":"post_tag","embeddable":true,"href":"https:\/\/epre.gov.ar\/web\/wp-json\/wp\/v2\/tags?post=2230"}],"curies":[{"name":"wp","href":"https:\/\/api.w.org\/{rel}","templated":true}]}}