{"id":1436,"date":"2015-06-08T12:54:31","date_gmt":"2015-06-08T12:54:31","guid":{"rendered":"http:\/\/epre.gov.ar\/web\/?p=1436"},"modified":"2015-06-08T12:54:31","modified_gmt":"2015-06-08T12:54:31","slug":"cooperativas-electricas-esperan-un-auxilio-financiero-por-el-congelamiento-de-tarifas","status":"publish","type":"post","link":"https:\/\/epre.gov.ar\/web\/cooperativas-electricas-esperan-un-auxilio-financiero-por-el-congelamiento-de-tarifas\/","title":{"rendered":"Cooperativas el\u00e9ctricas esperan un auxilio financiero por el congelamiento de tarifas"},"content":{"rendered":"<p style=\"text-align: center;\"><a href=\"http:\/\/epre.gov.ar\/web\/wp-content\/uploads\/2015\/06\/e_1420444706.jpg\"><img loading=\"lazy\" decoding=\"async\" class=\"aligncenter size-full wp-image-1437\" src=\"http:\/\/epre.gov.ar\/web\/wp-content\/uploads\/2015\/06\/e_1420444706.jpg\" alt=\"e_1420444706\" width=\"432\" height=\"324\" srcset=\"https:\/\/epre.gov.ar\/web\/wp-content\/uploads\/2015\/06\/e_1420444706.jpg 432w, https:\/\/epre.gov.ar\/web\/wp-content\/uploads\/2015\/06\/e_1420444706-300x225.jpg 300w, https:\/\/epre.gov.ar\/web\/wp-content\/uploads\/2015\/06\/e_1420444706-295x221.jpg 295w\" sizes=\"auto, (max-width: 432px) 100vw, 432px\" \/><\/a><\/p>\n<p style=\"text-align: justify;\"><strong>Parana.<\/strong>\u00a0Mientras esperan por la implementaci\u00f3n del fondo compensador, desde el EPRE negaron la posibilidad de disminuir el precio que se abona a Enersa por el transporte de energ\u00eda desde la represa de Salto Grande.<\/p>\n<p style=\"text-align: justify;\"><!--more--><\/p>\n<p style=\"text-align: justify;\">El titular del Ente Provincial Regulador de la Energ\u00eda (EPRE), Marcos Rodr\u00edguez Allende, neg\u00f3 por el momento a las Cooperativas El\u00e9ctricas la posibilidad de disminuir el precio que se abona a Enersa por el transporte de energ\u00eda desde la represa de Salto Grande. Aunque dej\u00f3 abierta una posibilidad cuando a fin de a\u00f1o se levante el congelamiento tarifario que rige para el sector.<\/p>\n<p>El planteo fue realizado por la Cooperativa El\u00e9ctrica de Concordia durante la \u00faltima audiencia p\u00fablica para analizar la revisi\u00f3n del cuadro tarifario, que se desarroll\u00f3 el 5 de febrero pasado. All\u00ed Concordia solicit\u00f3 que el peaje se cobre \u201ccomo transporte, no como energ\u00eda\u201d y asegur\u00f3 que tanto la ley nacional como la provincial los ampara en ese pedido. El cambio -se argument\u00f3 desde la distribuidora\u2013 significar\u00eda un ahorro millonario para las cooperativas.<\/p>\n<p>Si bien en ese entonces Rodr\u00edguez Allende prometi\u00f3 resolver \u201cen los pr\u00f3ximos d\u00edas\u201d el reclamo, ahora se conoci\u00f3 que por el momento est\u00e1 suspendido el an\u00e1lisis del pedido. \u201cPor el momento no prospera porque el Ente entiende que la tarifa que se debe pagar a Enersa est\u00e1 dentro de los par\u00e1metros normales\u201d, sostuvo al respecto.<\/p>\n<p>Adem\u00e1s apunt\u00f3: \u201cHay una discusi\u00f3n y la idea es volver a tratarla una vez que se levante el congelamiento de las tarifas\u201d. Es que, seg\u00fan explic\u00f3, tocar ese punto \u201cser\u00eda, de alguna manera, remover las tarifas\u201d.<\/p>\n<p>\u201cUna vez cumplido el congelamiento, vamos a volver a estudiar la propuesta de disminuir la tarifa por peaje\u201d, prometi\u00f3 ante APF.<\/p>\n<p><b>Tarifas congeladas<\/b><\/p>\n<p>Las cooperativas el\u00e9ctricas entrerrianas esperan que haya alg\u00fan tipo de auxilio financiero a ra\u00edz del congelamiento de la tarifa de la luz.<\/p>\n<p>La tarifa el\u00e9ctrica tiene un precio al 31 de diciembre de 2014, pero la inflaci\u00f3n m\u00e1s las paritarias reclaman una urgente recomposici\u00f3n. Como las tarifas no se pueden tocar, y tampoco se puede reducir el peaje por el transporte de energ\u00eda; el \u00fanico recurso que le quedan para morigerar la situaci\u00f3n es acceder a alguna clase de auxilio financiero por parte del gobierno.<\/p>\n<p>Por eso desde el EPRE se asegur\u00f3 que \u201ces inminente\u201d una reuni\u00f3n con las autoridades de la filial entrerriana de la Federaci\u00f3n Argentina de Cooperativas El\u00e9ctricas (FACE) y con el secretario de Energ\u00eda, Ra\u00fal Arroyo, para \u201cy comenzar a delinear una implementaci\u00f3n inmediata\u201d del fondo compensador para las distribuidoras de energ\u00eda, el que estimativamente estaba previsto para este mes de junio.<\/p>\n<p>La idea es mantener la tarifa congelada, tal como lo dispone el pacto firmado entre la Provincia y la Naci\u00f3n. En ese sentido, al ser consultado sobre c\u00f3mo se integrar\u00eda ese fondo compensador, Rodr\u00edguez Allende subray\u00f3 que \u201cnada podr\u00e1 ser trasladado a los usuarios comunes\u201d. Pero no descart\u00f3 la posibilidad de que s\u00ed sean afectados otros usuarios, como \u201cempresas y f\u00e1bricas\u201d.<\/p>\n<p style=\"text-align: justify;\">\n<p style=\"text-align: justify;\">Fuente:\u00a0APF<\/p>\n","protected":false},"excerpt":{"rendered":"<p>Parana.\u00a0Mientras esperan por la implementaci\u00f3n del fondo compensador, desde el EPRE negaron la posibilidad de disminuir el precio que se abona a Enersa por el transporte de energ\u00eda desde la represa de Salto Grande.<\/p>\n","protected":false},"author":1,"featured_media":0,"comment_status":"open","ping_status":"closed","sticky":false,"template":"","format":"standard","meta":{"footnotes":""},"categories":[1],"tags":[],"class_list":["post-1436","post","type-post","status-publish","format-standard","hentry","category-noticias"],"_links":{"self":[{"href":"https:\/\/epre.gov.ar\/web\/wp-json\/wp\/v2\/posts\/1436","targetHints":{"allow":["GET"]}}],"collection":[{"href":"https:\/\/epre.gov.ar\/web\/wp-json\/wp\/v2\/posts"}],"about":[{"href":"https:\/\/epre.gov.ar\/web\/wp-json\/wp\/v2\/types\/post"}],"author":[{"embeddable":true,"href":"https:\/\/epre.gov.ar\/web\/wp-json\/wp\/v2\/users\/1"}],"replies":[{"embeddable":true,"href":"https:\/\/epre.gov.ar\/web\/wp-json\/wp\/v2\/comments?post=1436"}],"version-history":[{"count":1,"href":"https:\/\/epre.gov.ar\/web\/wp-json\/wp\/v2\/posts\/1436\/revisions"}],"predecessor-version":[{"id":1439,"href":"https:\/\/epre.gov.ar\/web\/wp-json\/wp\/v2\/posts\/1436\/revisions\/1439"}],"wp:attachment":[{"href":"https:\/\/epre.gov.ar\/web\/wp-json\/wp\/v2\/media?parent=1436"}],"wp:term":[{"taxonomy":"category","embeddable":true,"href":"https:\/\/epre.gov.ar\/web\/wp-json\/wp\/v2\/categories?post=1436"},{"taxonomy":"post_tag","embeddable":true,"href":"https:\/\/epre.gov.ar\/web\/wp-json\/wp\/v2\/tags?post=1436"}],"curies":[{"name":"wp","href":"https:\/\/api.w.org\/{rel}","templated":true}]}}