{"id":1368,"date":"2015-05-22T15:15:05","date_gmt":"2015-05-22T15:15:05","guid":{"rendered":"http:\/\/epre.gov.ar\/web\/?p=1368"},"modified":"2015-05-22T15:15:05","modified_gmt":"2015-05-22T15:15:05","slug":"paso-a-planta-permanente-de-300-empleados-de-enersa","status":"publish","type":"post","link":"https:\/\/epre.gov.ar\/web\/paso-a-planta-permanente-de-300-empleados-de-enersa\/","title":{"rendered":"Paso a planta permanente de 300 empleados de ENERSA"},"content":{"rendered":"<p style=\"text-align: justify;\"><strong>Paran\u00e1, 22 de mayo de 2015<\/strong><\/p>\n<p style=\"text-align: justify;\">\u00abEn la noche de ayer, Jueves 21 de Mayo, en las instalaciones de la Quinta 20 de Setiembre, perteneciente al gremio de Luz y Fuerza de Entre R\u00edos, se realiz\u00f3 un acto en donde la empresa de energ\u00eda ENERSA, conjuntamente con la Federaci\u00f3n Argentina de Trabajadores de Luz y Fuerza y con el \u00f3rgano de control, EPRE, efectiviz\u00f3 el paso a planta permanente de casi 300 trabajadores que proven\u00edan de servicios tercerizados de ENERSA y que a partir de mes de Julio pasar\u00e1n a integrar el plantel permanente de la citada empresa.<\/p>\n<p style=\"text-align: justify;\"><a href=\"http:\/\/epre.gov.ar\/web\/wp-content\/uploads\/2015\/05\/epre0393843853783757.jpg\"><img loading=\"lazy\" decoding=\"async\" class=\"aligncenter size-full wp-image-1365\" src=\"http:\/\/epre.gov.ar\/web\/wp-content\/uploads\/2015\/05\/epre0393843853783757.jpg\" alt=\"\" width=\"801\" height=\"451\" srcset=\"https:\/\/epre.gov.ar\/web\/wp-content\/uploads\/2015\/05\/epre0393843853783757.jpg 801w, https:\/\/epre.gov.ar\/web\/wp-content\/uploads\/2015\/05\/epre0393843853783757-300x169.jpg 300w, https:\/\/epre.gov.ar\/web\/wp-content\/uploads\/2015\/05\/epre0393843853783757-295x166.jpg 295w\" sizes=\"auto, (max-width: 801px) 100vw, 801px\" \/><\/a>Entre las autoridades, se encontraba el Secretario General del Sindicato de Luz y Fuerza de la Naci\u00f3n, Guillermo Moser, el Presidente de la ENERSA, Cr. Alfredo Muzachiodi, el Secretario General del Sindicato de Luz y Fuerza de Entre R\u00edos, Sergio Men\u00e9ndez, el Interventor del EPRE, Dr. Marcos Rodr\u00edguez Allende y el Secretario de Energ\u00eda de la Provincia, Ra\u00fal Arroyo.<\/p>\n<p style=\"text-align: justify;\">El titular del EPRE, destac\u00f3 que este ha sido un acto trascendental para todos los trabajadores entrerrianos y sus familias, que tal como lo viene exigiendo nuestro gobernador, que es procurar la estabilidad laboral de todos, en este caso de los trabajadores del servicio el\u00e9ctrico que, significa en definitiva una mejora en la calidad del servicio. Sin el expreso consentimiento del Gobernador Sergio Urribarri, esto jam\u00e1s se podr\u00eda haber realizado.\u00bb<\/p>\n","protected":false},"excerpt":{"rendered":"<p>Paran\u00e1, 22 de mayo de 2015 \u00abEn la noche de ayer, Jueves 21 de Mayo, en las instalaciones de la Quinta 20 de Setiembre, perteneciente al gremio de Luz y Fuerza de Entre R\u00edos, se realiz\u00f3 un acto en donde la empresa de energ\u00eda ENERSA, conjuntamente con la Federaci\u00f3n Argentina de Trabajadores de Luz y [&hellip;]<\/p>\n","protected":false},"author":1,"featured_media":0,"comment_status":"open","ping_status":"closed","sticky":false,"template":"","format":"standard","meta":{"footnotes":""},"categories":[1],"tags":[],"class_list":["post-1368","post","type-post","status-publish","format-standard","hentry","category-noticias"],"_links":{"self":[{"href":"https:\/\/epre.gov.ar\/web\/wp-json\/wp\/v2\/posts\/1368","targetHints":{"allow":["GET"]}}],"collection":[{"href":"https:\/\/epre.gov.ar\/web\/wp-json\/wp\/v2\/posts"}],"about":[{"href":"https:\/\/epre.gov.ar\/web\/wp-json\/wp\/v2\/types\/post"}],"author":[{"embeddable":true,"href":"https:\/\/epre.gov.ar\/web\/wp-json\/wp\/v2\/users\/1"}],"replies":[{"embeddable":true,"href":"https:\/\/epre.gov.ar\/web\/wp-json\/wp\/v2\/comments?post=1368"}],"version-history":[{"count":1,"href":"https:\/\/epre.gov.ar\/web\/wp-json\/wp\/v2\/posts\/1368\/revisions"}],"predecessor-version":[{"id":1369,"href":"https:\/\/epre.gov.ar\/web\/wp-json\/wp\/v2\/posts\/1368\/revisions\/1369"}],"wp:attachment":[{"href":"https:\/\/epre.gov.ar\/web\/wp-json\/wp\/v2\/media?parent=1368"}],"wp:term":[{"taxonomy":"category","embeddable":true,"href":"https:\/\/epre.gov.ar\/web\/wp-json\/wp\/v2\/categories?post=1368"},{"taxonomy":"post_tag","embeddable":true,"href":"https:\/\/epre.gov.ar\/web\/wp-json\/wp\/v2\/tags?post=1368"}],"curies":[{"name":"wp","href":"https:\/\/api.w.org\/{rel}","templated":true}]}}