{"id":1154,"date":"2015-04-13T21:39:59","date_gmt":"2015-04-13T21:39:59","guid":{"rendered":"http:\/\/epre.gov.ar\/web\/?p=1154"},"modified":"2015-04-22T08:07:24","modified_gmt":"2015-04-22T08:07:24","slug":"evaluan-crear-un-fondo-para-auxiliar-cooperativas-electricas","status":"publish","type":"post","link":"https:\/\/epre.gov.ar\/web\/evaluan-crear-un-fondo-para-auxiliar-cooperativas-electricas\/","title":{"rendered":"Eval\u00faan crear un fondo para auxiliar cooperativas el\u00e9ctricas"},"content":{"rendered":"<div class=\"nota-texto\" style=\"text-align: justify;\"><a href=\"http:\/\/epre.gov.ar\/web\/wp-content\/uploads\/2015\/03\/o_1425182463.jpg\"><img loading=\"lazy\" decoding=\"async\" class=\" size-medium wp-image-911 alignleft\" src=\"http:\/\/epre.gov.ar\/web\/wp-content\/uploads\/2015\/03\/o_1425182463-300x169.jpg\" alt=\"o_1425182463\" width=\"300\" height=\"169\" srcset=\"https:\/\/epre.gov.ar\/web\/wp-content\/uploads\/2015\/03\/o_1425182463-300x169.jpg 300w, https:\/\/epre.gov.ar\/web\/wp-content\/uploads\/2015\/03\/o_1425182463.jpg 640w\" sizes=\"auto, (max-width: 300px) 100vw, 300px\" \/><\/a>El interventor del Ente Provincial Regulador de Energ\u00eda (EPRE), Marcos Rodr\u00edguez Allende, precis\u00f3 a EL DIARIO que el Gobierno provincial trabaja en la posibilidad de instituir un fondo compensador para las 18 cooperativas el\u00e9ctricas que se integran con Energ\u00eda de Entre R\u00edos (SA) Enersa el sistema de distribuci\u00f3n de energ\u00eda el\u00e9ctrica.<\/div>\n<div class=\"nota-texto\" style=\"text-align: justify;\"><\/div>\n<p><!--more--><\/p>\n<div class=\"nota-texto\" style=\"text-align: justify;\">La idea apunta a abordar la compleja situaci\u00f3n que en lo financiero que impacta a las prestatarias en su estructura. Si bien el Ejecutivo provincial ha morigerado el anuncio argumentando que la iniciativa \u201ctiene por objetivo de ayudar a estas distribuidoras a afrontar el 2015 respetando la premisa de no incrementar las tarifas\u201d, en rigor el congelamiento de tarifas sostenido por el esquema de subsidios de Naci\u00f3n para el servicio el\u00e9ctrico, termina indirectamente produciendo cierta asfixia en las encargadas de distribuir el 30 % del servicio el\u00e9ctrico entrerriano. \u201cEstamos trabajando arduamente para que las cooperativas puedan seguir adelante de acuerdo al esfuerzo que est\u00e1n desarrollando\u201d, expres\u00f3 el funcionario respecto a la posibilidad de que se implemente en Entre R\u00edos un fondo compensador.<\/div>\n<div class=\"nota-texto\" style=\"text-align: justify;\">Pero contextualizar la medida, se debe remontar a 2013, cuando el gobernador Sergio Urribarri rubric\u00f3 el acuerdo marco con el Ministerio de Planificaci\u00f3n Federal denominado \u201cPrograma de Convergencia de Tarifas El\u00e9ctricas y Reafirmaci\u00f3n del Federalismo El\u00e9ctrico en la Rep\u00fablica Argentina\u201d. A trav\u00e9s de este pacto, Entre R\u00edos se comprometi\u00f3 a retrotraer al 31 de diciembre el cuadro tarifario y a mantener el mismo sin modificaciones por un plazo de 365 d\u00edas a partir del 1 de enero de 2014 \u201ca fin de evitar asimetr\u00edas tarifarias dentro de las regiones y nivelar las condiciones de acceso al servicio\u201d. A fines de 2013 ya se hab\u00eda realizado la convocatoria a una audiencia p\u00fablica en la ciudad de Villaguay para discutir el nuevo esquema de tarifas prevista para el d\u00eda 5 de febrero de 2014. En esa fecha Enersa pidi\u00f3 una suba del 19,8%, mientras que las cooperativas el\u00e9ctricas incrementos superiores al 120%.<\/div>\n<div class=\"nota-texto\" style=\"text-align: justify;\">Fue all\u00ed que apareci\u00f3 la opci\u00f3n del Programa de Convergencia que el Gobierno suscribi\u00f3 y se dej\u00f3 sin efecto cualquier aumento a cambio del env\u00edo de fondos nacionales.<\/div>\n<div class=\"nota-texto\" style=\"text-align: justify;\">De este modo no hubo aumentos durante 2014, pero del esquema de subsidios nacionales pero no lleg\u00f3 a la totalidad de los fondos comprometido como compensaci\u00f3n.<br \/>\n\u201cSi Enersa deb\u00eda recaudar unos $400 millones por el aumento que ped\u00eda, por el Plan de Convergencia s\u00f3lo recibi\u00f3 el 25%, al igual que las cooperativas, y eso complic\u00f3 la situaci\u00f3n. El acuerdo venc\u00eda el 31 de diciembre de de 2014 y se descongelaban las tarifas, por el cual ya se hab\u00edan preparado desde el EPRE y la Secretar\u00eda de Energ\u00eda las resoluciones para un nuevo cuadro tarifario que tra\u00eda un 45% de aumento y que era visto como un alivio para todos. Este porcentaje inclu\u00eda el efecto suspensivo del a\u00f1o 2014, el 20% que no se hab\u00eda abonado y los aumentos necesarios para 2015 que rondaban el 25%\u201d, asegur\u00f3 una fuente reservada de Gobierno. Si embargo, apareci\u00f3 una reedici\u00f3n por un a\u00f1o m\u00e1s del Plan de Convergencia Tarifaria antes de la navidad pasada y se congelaron nuevamente las tarifas hasta el 1 de enero de 2016.<\/div>\n<div class=\"nota-texto\" style=\"text-align: justify;\">Es por eso que ahora desde la Provincia se estudia la posibilidad de un fondo compensador con dineros entrerrianos.<\/div>\n<div class=\"nota-texto\" style=\"text-align: justify;\">Seg\u00fan trascendi\u00f3 se realizaron auditor\u00edas a las cooperativas el\u00e9ctricas de Gualeguaych\u00fa y Concordia, cuyos resultados confirmaron las sospechas sobre la delicada situaci\u00f3n de sus finanzas. Tambi\u00e9n se estar\u00eda comenzando a auditar Enersa. La empresa provincial comienza tambi\u00e9n a resentir sus n\u00fameros porque, aunque a\u00fan no tiene dificultades con la Compa\u00f1\u00eda Administradora del Mercado Mayorista El\u00e9ctrico (Cammesa), las cooperativas s\u00ed ya muestran problemas de endeudamiento de dinero a Enersa.<br \/>\nAdem\u00e1s existen deudas con la Administraci\u00f3n Federal de Ingresos P\u00fablicos (AFIP y sus proveedores para realizar la operatividad del servicio.<\/div>\n","protected":false},"excerpt":{"rendered":"<p>El interventor del Ente Provincial Regulador de Energ\u00eda (EPRE), Marcos Rodr\u00edguez Allende, precis\u00f3 a EL DIARIO que el Gobierno provincial trabaja en la posibilidad de instituir un fondo compensador para las 18 cooperativas el\u00e9ctricas que se integran con Energ\u00eda de Entre R\u00edos (SA) Enersa el sistema de distribuci\u00f3n de energ\u00eda el\u00e9ctrica.<\/p>\n","protected":false},"author":1,"featured_media":0,"comment_status":"open","ping_status":"closed","sticky":false,"template":"","format":"standard","meta":{"footnotes":""},"categories":[1],"tags":[],"class_list":["post-1154","post","type-post","status-publish","format-standard","hentry","category-noticias"],"_links":{"self":[{"href":"https:\/\/epre.gov.ar\/web\/wp-json\/wp\/v2\/posts\/1154","targetHints":{"allow":["GET"]}}],"collection":[{"href":"https:\/\/epre.gov.ar\/web\/wp-json\/wp\/v2\/posts"}],"about":[{"href":"https:\/\/epre.gov.ar\/web\/wp-json\/wp\/v2\/types\/post"}],"author":[{"embeddable":true,"href":"https:\/\/epre.gov.ar\/web\/wp-json\/wp\/v2\/users\/1"}],"replies":[{"embeddable":true,"href":"https:\/\/epre.gov.ar\/web\/wp-json\/wp\/v2\/comments?post=1154"}],"version-history":[{"count":2,"href":"https:\/\/epre.gov.ar\/web\/wp-json\/wp\/v2\/posts\/1154\/revisions"}],"predecessor-version":[{"id":1156,"href":"https:\/\/epre.gov.ar\/web\/wp-json\/wp\/v2\/posts\/1154\/revisions\/1156"}],"wp:attachment":[{"href":"https:\/\/epre.gov.ar\/web\/wp-json\/wp\/v2\/media?parent=1154"}],"wp:term":[{"taxonomy":"category","embeddable":true,"href":"https:\/\/epre.gov.ar\/web\/wp-json\/wp\/v2\/categories?post=1154"},{"taxonomy":"post_tag","embeddable":true,"href":"https:\/\/epre.gov.ar\/web\/wp-json\/wp\/v2\/tags?post=1154"}],"curies":[{"name":"wp","href":"https:\/\/api.w.org\/{rel}","templated":true}]}}