{"id":1132,"date":"2015-04-10T02:47:05","date_gmt":"2015-04-10T02:47:05","guid":{"rendered":"http:\/\/epre.gov.ar\/web\/?p=1132"},"modified":"2015-04-10T02:55:27","modified_gmt":"2015-04-10T02:55:27","slug":"el-gobierno-anuncia-la-construccion-de-estaciones-transformadoras-en-el-norte-de-la-provincia","status":"publish","type":"post","link":"https:\/\/epre.gov.ar\/web\/el-gobierno-anuncia-la-construccion-de-estaciones-transformadoras-en-el-norte-de-la-provincia\/","title":{"rendered":"El gobierno anuncia la construcci\u00f3n de estaciones transformadoras en el norte de la provincia"},"content":{"rendered":"<p style=\"text-align: justify;\"><a href=\"http:\/\/epre.gov.ar\/web\/wp-content\/uploads\/2015\/04\/Selecci\u00f3n_004.png\"><img loading=\"lazy\" decoding=\"async\" class=\"aligncenter  wp-image-1135\" src=\"http:\/\/epre.gov.ar\/web\/wp-content\/uploads\/2015\/04\/Selecci\u00f3n_004-300x199.png\" alt=\"Urrubarri y De Vido\" width=\"450\" height=\"290\" \/><\/a>El gobernador Sergio Urribarri y el ministro de Planificaci\u00f3n Federal, Julio De Vido, acordaron este lunes un aporte del gobierno nacional de casi 1.400 millones de pesos para la realizaci\u00f3n de obras energ\u00e9ticas en Entre R\u00edos. Se construir\u00e1n estaciones transformadoras en el norte de la provincia y obras de media tensi\u00f3n en Col\u00f3n, Basavilbaso, Urdinarrain y General Racedo, seg\u00fan informa el sitio oficial del gobierno entrerriano.<\/p>\n<p style=\"text-align: justify;\"><!--more--><br \/>\nEste martes el mandatario entrerriano firm\u00f3 en la sede del Ministerio con el titular de la cartera de Planificaci\u00f3n un convenio referido al cierre del anillo norte el\u00e9ctrico, que comprende las obras de construcci\u00f3n de las Estaciones Transformadoras de 132 kV en las ciudades de La Paz, Federal y Los Conquistadores, que adem\u00e1s incluye una l\u00ednea de alta tensi\u00f3n en 132 kV que une las estaciones transformadoras enunciadas, con una longitud de 140,5 km.<\/p>\n<p style=\"text-align: justify;\">El otro convenio rubricado es para el desarrollo del sistema de transmisi\u00f3n de energ\u00eda el\u00e9ctrica con obras de media tensi\u00f3n, que abarca la construcci\u00f3n de la l\u00ednea de 132 kilovoltios y distribuidores urbanos en Col\u00f3n, la l\u00ednea de 33 kilovoltios entre Basavilbaso y Urdinarrain y la subestaci\u00f3n transformadora en General Racedo.<\/p>\n<p style=\"text-align: justify;\">\u201cNuestra Presidenta y Julio De Vido, en materia de infraestructura, le dieron a Entre R\u00edos lo que en 30 \u00f3 40 a\u00f1os, le hab\u00edan negado\u201d, asever\u00f3 el mandatario entrerriano. La obra del cierre norte significa \u201ccalidad de vida para los habitantes de muchos pueblos y ciudades, pero tambi\u00e9n el aumento de la demanda de energ\u00eda en el campo industrias y productivo fue tal que si no ten\u00edamos estas obras no podr\u00edamos satisfacer plenamente estas demandas\u201d.<\/p>\n<p style=\"text-align: justify;\">Urribarri destac\u00f3 que Entre R\u00edos \u201ces la provincia que m\u00e1s creci\u00f3 en materia de demanda el\u00e9ctrica en estos a\u00f1os, un 23 por ciento, comparada con la Regi\u00f3n Centro\u201d.<\/p>\n<p style=\"text-align: justify;\">Con respecto a la obra que se realizar\u00e1 en el norte entrerriano, resalt\u00f3 que \u201ces una obra que tiene una inversi\u00f3n cercana a los 1.100 millones de pesos\u201d y adem\u00e1s coment\u00f3 que \u201cse firm\u00f3 una addenda de obras complementarias por un monto de 300 millones de pesos. Son casi 1.400 millones de pesos en trabajos important\u00edsimos\u201d.<\/p>\n<p style=\"text-align: justify;\">Estuvieron tambi\u00e9n presentes durante la firma, el ministro de Planeamiento, Infraestructura y Servicios de la provincia, Juan Javier Garc\u00eda; el secretario de Energ\u00eda, Ra\u00fal Arroyo; el presidente de Enersa, Alfredo Muzachiodi y el interventor de Enargas, Antonio Pronsato.<\/p>\n<p><strong>Federalizaci\u00f3n de los recursos<\/strong><\/p>\n<p style=\"text-align: justify;\">Por su parte, el ministro de Planeamiento, Juan Javier Garc\u00eda asegur\u00f3 sentirse \u201cmuy orgulloso de pertenecer a un gobierno que federaliza los recursos y que puede decir presente en las oficinas grandes y tomar decisiones en las pol\u00edticas p\u00fablicas porque esta obra que se firm\u00f3 hoy, no solamente fue demandada, pedida por todos los sectores, sino que nosotros la atamos a la gran transformaci\u00f3n del centro norte de la provincia para tener calidad en materia de prestaci\u00f3n energ\u00e9tica\u201d.<\/p>\n<p style=\"text-align: justify;\">\u201cEsto es poner de relevancia un proceso absolutamente transformador y tiene aspectos revolucionarios en lo que significa mirar ahora la provincia en el centro norte\u201d, acentu\u00f3 y agreg\u00f3: \u201cTenemos la expectativa, como ha dicho siempre nuestro Gobernador, de que la asimetr\u00eda a lo largo y ancho de la provincia se pueda desarrollar cuanto antes\u201d.<\/p>\n<p style=\"text-align: justify;\">En cuanto a los trabajos el\u00e9ctricos, el funcionarios provincial coment\u00f3 que esta obra \u201cabarca cuatro departamentos: Federal, Feliciano, La Paz y Federaci\u00f3n. Viene a complementar la Estaci\u00f3n Transformadora Gran Paran\u00e1 y viene, desde el punto de vista t\u00e9cnico, a cerrar el anillo\u201d.<\/p>\n<p><strong>Alcances de los convenios<\/strong><\/p>\n<p style=\"text-align: justify;\">El convenio firmado es la tercera etapa de obras para el desarrollo del sistema retransmisi\u00f3n de energ\u00eda el\u00e9ctrica en la provincia de Entre R\u00edos. El convenio surge a partir de la necesidad de continuar desarrollando el sistema de energ\u00eda el\u00e9ctrica en Entre R\u00edos, a trav\u00e9s de nuevas obras de infraestructura, para abastecer el continuo crecimiento exponencial de la demanda actual.<\/p>\n<p style=\"text-align: justify;\">A trav\u00e9s del mismo el organismo nacional se compromete a enviar los fondos para la obra de Cierre Norte, cuya inversi\u00f3n es de 1.087.790.000 pesos.<\/p>\n<p style=\"text-align: justify;\">Dicha obra abarca cuatro departamentos (Federaci\u00f3n &#8211; Feliciano \u2013 Federal \u2013 La Paz) y permite anillar completamente el Sistema Entrerriano Interconectado de 132 kV Alta Tensi\u00f3n, asegurando el abastecimiento de energ\u00eda el\u00e9ctrica en el mediano y largo plazo para una extensa regi\u00f3n del norte de la provincia de Entre R\u00edos. A su vez, se genera la infraestructura necesaria que apalanca el desarrollo socio \u2013 productivo de toda esta regi\u00f3n.<\/p>\n<p style=\"text-align: justify;\">Finalmente, mediante la Addenda firmada se establecen obras complementarias a la anterior. El objetito de dichos trabajos es mejorar la calidad de producto y servicio del sistema el\u00e9ctrico en gran parte de la provincia. Para la ejecuci\u00f3n de estas obras se invertir\u00e1n 304 millones de pesos.<\/p>\n<p><strong>Detalle de la obra de Cierre Norte<\/strong><\/p>\n<p style=\"text-align: justify;\">Las obra de Cierre Norte, comprende: la construcci\u00f3n de una L\u00ednea en 132 kV entre las Estaciones Trasformadoras La Paz y Federal, la traza tiene una longitud de aproximada de 88,3 kil\u00f3metros; la construcci\u00f3n de la Estaci\u00f3n Transformadora en 132\/33\/13,2 kv La Paz; la construcci\u00f3n de L\u00ednea en 132 kv entre las Estaciones Transformadoras Federal y Los Conquistadores, la traza tiene una longitud aproximada de 52,2 km; la construcci\u00f3n de la Estaci\u00f3n Transformadora en 132\/33\/13,2 kv Federal; la construcci\u00f3n Definitiva de la Estaci\u00f3n Transformadora en 132\/33\/13,2 kv Los Conquistadores.<\/p>\n<p style=\"text-align: justify;\">En tanto, las obras complementarias, especificadas en la Addenda firmada entre Urribarri y De Vido, son las siguientes: adquisici\u00f3n de transformadores de potencia, equipamiento previsto en proyectos y remodelaci\u00f3n EETT; obras en media tensi\u00f3n (LAT 33 kV Basavilbaso \u2013 Urdinarrain, Construcci\u00f3n de la L\u00ednea primaria en 33 kV, y adquisici\u00f3n de materiales; SET Racedo, construcci\u00f3n obra Civil y Montaje Electromec\u00e1nico y adquisici\u00f3n de materiales); LAT, ET y Distribuidores Col\u00f3n (Distribuidores urbanos en la localidad de Col\u00f3n, construcci\u00f3n de los distribuidores y tendido de conductores, y adquisici\u00f3n de materiales; L\u00ednea y campo en 132\/13,2 kV EETT Col\u00f3n, construcci\u00f3n de la LAT 132 kV., obra civil y montaje Electromec\u00e1nico en EETT); Plan Verano 2014\/2015 (obras de distribuci\u00f3n destinadas a mejoras de calidad de servicio y producto y al mantenimiento de l\u00edneas primarias en sistemas rurales).<\/p>\n<p><strong>Fuente<\/strong>: Ministerio de Planificaci\u00f3n<\/p>\n","protected":false},"excerpt":{"rendered":"<p>El gobernador Sergio Urribarri y el ministro de Planificaci\u00f3n Federal, Julio De Vido, acordaron este lunes un aporte del gobierno nacional de casi 1.400 millones de pesos para la realizaci\u00f3n de obras energ\u00e9ticas en Entre R\u00edos. Se construir\u00e1n estaciones transformadoras en el norte de la provincia y obras de media tensi\u00f3n en Col\u00f3n, Basavilbaso, Urdinarrain [&hellip;]<\/p>\n","protected":false},"author":1,"featured_media":1135,"comment_status":"open","ping_status":"closed","sticky":false,"template":"","format":"standard","meta":{"footnotes":""},"categories":[1],"tags":[],"class_list":["post-1132","post","type-post","status-publish","format-standard","has-post-thumbnail","hentry","category-noticias"],"_links":{"self":[{"href":"https:\/\/epre.gov.ar\/web\/wp-json\/wp\/v2\/posts\/1132","targetHints":{"allow":["GET"]}}],"collection":[{"href":"https:\/\/epre.gov.ar\/web\/wp-json\/wp\/v2\/posts"}],"about":[{"href":"https:\/\/epre.gov.ar\/web\/wp-json\/wp\/v2\/types\/post"}],"author":[{"embeddable":true,"href":"https:\/\/epre.gov.ar\/web\/wp-json\/wp\/v2\/users\/1"}],"replies":[{"embeddable":true,"href":"https:\/\/epre.gov.ar\/web\/wp-json\/wp\/v2\/comments?post=1132"}],"version-history":[{"count":4,"href":"https:\/\/epre.gov.ar\/web\/wp-json\/wp\/v2\/posts\/1132\/revisions"}],"predecessor-version":[{"id":1137,"href":"https:\/\/epre.gov.ar\/web\/wp-json\/wp\/v2\/posts\/1132\/revisions\/1137"}],"wp:featuredmedia":[{"embeddable":true,"href":"https:\/\/epre.gov.ar\/web\/wp-json\/wp\/v2\/media\/1135"}],"wp:attachment":[{"href":"https:\/\/epre.gov.ar\/web\/wp-json\/wp\/v2\/media?parent=1132"}],"wp:term":[{"taxonomy":"category","embeddable":true,"href":"https:\/\/epre.gov.ar\/web\/wp-json\/wp\/v2\/categories?post=1132"},{"taxonomy":"post_tag","embeddable":true,"href":"https:\/\/epre.gov.ar\/web\/wp-json\/wp\/v2\/tags?post=1132"}],"curies":[{"name":"wp","href":"https:\/\/api.w.org\/{rel}","templated":true}]}}