{"id":1115,"date":"2015-03-31T18:57:25","date_gmt":"2015-03-31T18:57:25","guid":{"rendered":"http:\/\/epre.gov.ar\/web\/?p=1115"},"modified":"2015-03-31T18:57:45","modified_gmt":"2015-03-31T18:57:45","slug":"auditoria-destacan-el-avance-de-enersa-en-servicio-e-inversiones","status":"publish","type":"post","link":"https:\/\/epre.gov.ar\/web\/auditoria-destacan-el-avance-de-enersa-en-servicio-e-inversiones\/","title":{"rendered":"Auditor\u00eda: Destacan el avance de ENERSA en servicio e inversiones"},"content":{"rendered":"<p style=\"text-align: justify;\"><a href=\"http:\/\/epre.gov.ar\/web\/wp-content\/uploads\/2015\/03\/apfdigital_249795_tapa_3032015_132451.jpg\"><img loading=\"lazy\" decoding=\"async\" class=\"aligncenter size-full wp-image-1116\" src=\"http:\/\/epre.gov.ar\/web\/wp-content\/uploads\/2015\/03\/apfdigital_249795_tapa_3032015_132451.jpg\" alt=\"\" width=\"480\" height=\"360\" srcset=\"https:\/\/epre.gov.ar\/web\/wp-content\/uploads\/2015\/03\/apfdigital_249795_tapa_3032015_132451.jpg 480w, https:\/\/epre.gov.ar\/web\/wp-content\/uploads\/2015\/03\/apfdigital_249795_tapa_3032015_132451-300x225.jpg 300w\" sizes=\"auto, (max-width: 480px) 100vw, 480px\" \/><\/a>La empresa de energ\u00eda Enersa registra una \u201cimportant\u00edsima evoluci\u00f3n\u201d en cuanto al servicio y a las inversiones para obras \u2022 As\u00ed se desprende de la auditor\u00eda que a\u00fan se realiza en la distribuidora y cuyos primeros datos dio a conocer a APFDigital el interventor del Ente Provincial Regulador de la Energ\u00eda (EPRE), Marcos Rodr\u00edguez Allende \u2022 Tambi\u00e9n la compar\u00f3 con las empresas de energ\u00eda de C\u00f3rdoba y Santa Fe y subray\u00f3 que es \u201cun ejemplo en la Regi\u00f3n Centro\u201d<\/p>\n<p style=\"text-align: justify;\"><!--more--><\/p>\n<p style=\"text-align: justify;\">Rodr\u00edguez Allende dijo que se registr\u00f3 una \u201cimportant\u00edsima evoluci\u00f3n favorable\u201d de Enersa, como uno de los primeros datos arrojados por la auditor\u00eda iniciada a principios de marzo, que a\u00fan contin\u00faa. Destac\u00f3 \u201cun crecimiento en cuanto a la distribuci\u00f3n del servicio y en cuanto a las inversiones realizadas y a realizarse\u201d para la realizaci\u00f3n de obras.<\/p>\n<p style=\"text-align: justify;\">Adem\u00e1s hizo una comparaci\u00f3n de la empresa de energ\u00eda entrerriana con las empresas p\u00fablicas de Santa Fe y C\u00f3rdoba. \u201cEntre R\u00edos les lleva varias cabezas. Un ejemplo es la deuda que las empresas provinciales mantienen con Cammesa (Compa\u00f1\u00eda Administradora del Mercado Mayorista El\u00e9ctrico), que Enersa no tiene\u201d, remarc\u00f3 y ratific\u00f3 que la distribuidora entrerriana \u201ces una de las \u00fanicas empresas del pa\u00eds que est\u00e1 casi al d\u00eda\u201d con Cammesa. \u201cSomos un ejemplo en la Regi\u00f3n Centro\u201d, asever\u00f3 al respecto.<\/p>\n<p style=\"text-align: justify;\">Coment\u00f3 que Enersa registra algunos trabajadores tercerizados. Pero asegur\u00f3 que se busca regularizar su situaci\u00f3n. \u201cSe est\u00e1 viendo ir incorpor\u00e1ndolos paulatinamente como trabajadores de planta. Lo importante es que la empresa mantiene el n\u00famero de empleados, lo que ha hecho que est\u00e9 equilibrada y que pueda desarrollar las obras que est\u00e1 desarrollando, si no ser\u00eda imposible\u201d, remarc\u00f3 el Interventor del EPRE.<\/p>\n<h2 style=\"text-align: justify;\">Concordia<\/h2>\n<p style=\"text-align: justify;\">Luego coment\u00f3 que ya finaliz\u00f3 la auditor\u00eda en la Cooperativa El\u00e9ctrica de Concordia. Respecto a los resultados, adelant\u00f3: \u201cNos encontramos con una cooperativa que est\u00e1 sufriendo serias dificultades financieras, cuyo sustento del servicio el\u00e9ctrico est\u00e1 en su l\u00edmite, producto del congelamiento de tarifas desde el 2013\u201d. Se\u00f1al\u00f3 que mantener los valores tarifarios \u201cha provocado una disminuci\u00f3n en la capacidad de crecimiento\u201d de la cooperativa.<\/p>\n<p style=\"text-align: justify;\">Reconoci\u00f3 que, pese a ello, la cooperativa \u201cest\u00e1 haciendo un esfuerzo muy importante para prestar el servicio el\u00e9ctrico acorde a las necesidades\u201d. Y remarc\u00f3 que ya \u201cpas\u00f3 el peor momento: los picos de veranos, que fueron bastante fuertes y fueron atravesados satisfactoriamente\u201d.<\/p>\n<p style=\"text-align: justify;\">Rodr\u00edguez Allende se refiri\u00f3 tambi\u00e9n a la situaci\u00f3n de los trabajadores de la cooperativa concordiense. \u201cHemos encontrado la necesidad de normalizar en forma completa la relaci\u00f3n laboral con los empleados, ya que algunos a\u00fan trabajaban precariamente\u201d, acot\u00f3. Tambi\u00e9n detectaron \u201calgunas deudas con Cammesa\u201d.\u00a0 \u201cEncontramos ciertas dificultades, que no son m\u00e1s que eso\u201d, expres\u00f3 al respecto, en declaraciones a esta Agencia.<\/p>\n<h2 style=\"text-align: justify;\">Plan de auditor\u00edas<\/h2>\n<p style=\"text-align: justify;\">El EPRE inici\u00f3 en agosto del a\u00f1o pasado un plan de \u201ccontingencia y prevenci\u00f3n\u201d que consiste en la realizaci\u00f3n de auditor\u00edas internas en las 18 cooperativas el\u00e9ctricas entrerrianas y en Enersa.<\/p>\n<p style=\"text-align: justify;\">La primera en ser auditada fue la Cooperativa El\u00e9ctrica de Concordia, que ya concluy\u00f3. Luego fue el turno de Gualeguaych\u00fa, que se encuentra en \u201cuna etapa intermedia\u201d y posteriormente, el de Enersa. Las auditor\u00edas en estas dos \u00faltimas contin\u00faan en desarrollo.<\/p>\n<p>El plan de auditor\u00edas continuar\u00e1 con La Paz, y m\u00e1s tarde se realizar\u00e1n en las cooperativas restantes. (<strong>APFDigital<\/strong>)<\/p>\n","protected":false},"excerpt":{"rendered":"<p>La empresa de energ\u00eda Enersa registra una \u201cimportant\u00edsima evoluci\u00f3n\u201d en cuanto al servicio y a las inversiones para obras \u2022 As\u00ed se desprende de la auditor\u00eda que a\u00fan se realiza en la distribuidora y cuyos primeros datos dio a conocer a APFDigital el interventor del Ente Provincial Regulador de la Energ\u00eda (EPRE), Marcos Rodr\u00edguez Allende [&hellip;]<\/p>\n","protected":false},"author":1,"featured_media":0,"comment_status":"open","ping_status":"closed","sticky":false,"template":"","format":"standard","meta":{"footnotes":""},"categories":[1],"tags":[],"class_list":["post-1115","post","type-post","status-publish","format-standard","hentry","category-noticias"],"_links":{"self":[{"href":"https:\/\/epre.gov.ar\/web\/wp-json\/wp\/v2\/posts\/1115","targetHints":{"allow":["GET"]}}],"collection":[{"href":"https:\/\/epre.gov.ar\/web\/wp-json\/wp\/v2\/posts"}],"about":[{"href":"https:\/\/epre.gov.ar\/web\/wp-json\/wp\/v2\/types\/post"}],"author":[{"embeddable":true,"href":"https:\/\/epre.gov.ar\/web\/wp-json\/wp\/v2\/users\/1"}],"replies":[{"embeddable":true,"href":"https:\/\/epre.gov.ar\/web\/wp-json\/wp\/v2\/comments?post=1115"}],"version-history":[{"count":1,"href":"https:\/\/epre.gov.ar\/web\/wp-json\/wp\/v2\/posts\/1115\/revisions"}],"predecessor-version":[{"id":1117,"href":"https:\/\/epre.gov.ar\/web\/wp-json\/wp\/v2\/posts\/1115\/revisions\/1117"}],"wp:attachment":[{"href":"https:\/\/epre.gov.ar\/web\/wp-json\/wp\/v2\/media?parent=1115"}],"wp:term":[{"taxonomy":"category","embeddable":true,"href":"https:\/\/epre.gov.ar\/web\/wp-json\/wp\/v2\/categories?post=1115"},{"taxonomy":"post_tag","embeddable":true,"href":"https:\/\/epre.gov.ar\/web\/wp-json\/wp\/v2\/tags?post=1115"}],"curies":[{"name":"wp","href":"https:\/\/api.w.org\/{rel}","templated":true}]}}